{"id":4185,"date":"2023-04-13T12:27:08","date_gmt":"2023-04-13T10:27:08","guid":{"rendered":"https:\/\/www.sanafarmacia.com\/blog\/?p=4185"},"modified":"2023-04-17T11:11:02","modified_gmt":"2023-04-17T09:11:02","slug":"alergias-en-primavera-sintomas-y-remedios","status":"publish","type":"post","link":"https:\/\/www.sanafarmacia.com\/blog\/alergias-en-primavera-sintomas-y-remedios\/","title":{"rendered":"Alergias en primavera: s\u00edntomas y remedios"},"content":{"rendered":"\n<h3>Lleg\u00f3 la primavera: alegr\u00eda y energ\u00eda para unos, cansancio y tristeza para otros. Pero sin duda, hay algo que no podemos olvidar en esta \u00e9poca: las alergias primaverales.&nbsp;<\/h3>\n\n\n\n<p>La primavera puede ser una \u00e9poca dif\u00edcil para las personas que sufren alergias, que cada vez son m\u00e1s. Existen much\u00edsimos tipos de alergias que se incrementan durante esta estaci\u00f3n:<\/p>\n\n\n\n<ul>\n<li><strong>Alergias al polen<\/strong>: tambi\u00e9n conocida como fiebre del heno, es una reacci\u00f3n al\u00e9rgica al polen de \u00e1rboles, hierbas y plantas.<\/li>\n\n\n\n<li><strong>Alergias a los \u00e1caros del polvo<\/strong>: estos peque\u00f1os insectos se encuentran com\u00fanmente en alfombras, muebles tapizados y ropa de cama.<\/li>\n\n\n\n<li><strong>Alergias a los hongos o a la humedad<\/strong>: durante la primavera, los hongos pueden crecer en el aire h\u00famedo y c\u00e1lido.<\/li>\n\n\n\n<li><strong>Alergias a los insectos<\/strong>: las abejas, las avispas y otros insectos pueden ser m\u00e1s activos en primavera. Las personas al\u00e9rgicas a las picaduras de insectos pueden experimentar s\u00edntomas graves como hinchaz\u00f3n, urticaria, dificultad para respirar e incluso anafilaxia.<\/li>\n<\/ul>\n\n\n\n<p>El mecanismo de la alergia implica una respuesta inmunitaria exagerada e inapropiada del sistema inmunol\u00f3gico a sustancias extra\u00f1as, llamadas al\u00e9rgenos. Cuando una persona al\u00e9rgica entra en contacto con un al\u00e9rgeno, el sistema inmunol\u00f3gico reconoce incorrectamente la sustancia como una amenaza y produce una respuesta inmunol\u00f3gica para combatirla. Adem\u00e1s, la alergia puede ser hereditaria y las personas con antecedentes familiares tienen m\u00e1s probabilidades de desarrollarlas.<\/p>\n\n\n\n<p>En las personas al\u00e9rgicas, el sistema inmunol\u00f3gico produce anticuerpos espec\u00edficos llamados IgE contra los al\u00e9rgenos. Cuando el al\u00e9rgeno entra en contacto con los anticuerpos IgE, la respuesta inmunol\u00f3gica incluye la liberaci\u00f3n de sustancias qu\u00edmicas en el torrente sangu\u00edneo, como la histamina u otras sustancias qu\u00edmicas inflamatorias, responsables de los s\u00edntomas de la alergia.<\/p>\n\n\n\n<h3>Los s\u00edntomas de alergia primaveral pueden variar dependiendo del tipo de alergia y de la persona. Algunos de los m\u00e1s comunes son los siguientes:<\/h3>\n\n\n\n<figure class=\"wp-block-image aligncenter size-large is-resized\"><img decoding=\"async\" loading=\"lazy\" src=\"https:\/\/www.sanafarmacia.com\/blog\/wp-content\/uploads\/2023\/04\/Feed-2-32-1024x1024.jpg\" alt=\"\" class=\"wp-image-4193\" width=\"364\" height=\"364\"\/><\/figure>\n\n\n\n<ul>\n<li>Estornudos frecuentes<\/li>\n\n\n\n<li>Secreci\u00f3n nasal acuosa o congestionada<\/li>\n\n\n\n<li>Picaz\u00f3n en la nariz, ojos, garganta y\/o piel<\/li>\n\n\n\n<li>Lagrimeo y enrojecimiento de los ojos<\/li>\n\n\n\n<li>Tos seca<\/li>\n\n\n\n<li>Fatiga<\/li>\n\n\n\n<li>Dolor de cabeza<\/li>\n\n\n\n<li>Dificultad para respirar o sibilancias (en casos graves)<\/li>\n\n\n\n<li>Erupci\u00f3n cut\u00e1nea o urticaria (en casos de alergias alimentarias o medicamentosas)<\/li>\n<\/ul>\n\n\n\n<p>En Sanafarmacia disponemos de una gran variedad de productos terap\u00e9uticos para combatir los s\u00edntomas m\u00e1s incomodos de la alergia, adem\u00e1s del tratamiento de prescripci\u00f3n m\u00e9dica. <\/p>\n\n\n\n<h3>Te recomendamos algunos de nuestros remedios favoritos, que podemos clasificarlos seg\u00fan el s\u00edntoma que alivian:<\/h3>\n\n\n\n<ul>\n<li>Irritaci\u00f3n y picor ocular: &nbsp;podemos aliviarlo con un colirio en spray con componentes naturales, como es el nuevo <a href=\"https:\/\/www.sanafarmacia.com\/oculoheel-ojo-irritado-12757?_gl=1*2luwhj*_up*MQ..*_ga*MTcxMjI4MDA2Ny4xNjgxMjg1NDQ0*_ga_8WVC9N3KK6*MTY4MTI4OTI1OC4yLjEuMTY4MTI5MDg1OS4wLjAuMA..\">OCULOHEEL OJO IRRITADO<\/a>.<\/li>\n\n\n\n<li>Urticaria, dermatitis y eczemas: podemos utilizar <a href=\"https:\/\/www.sanafarmacia.com\/dermaveel-crema-30-ml-7698?_gl=1*b1qhst*_up*MQ..*_ga*MTcxMjI4MDA2Ny4xNjgxMjg1NDQ0*_ga_8WVC9N3KK6*MTY4MTI4OTI1OC4yLjEuMTY4MTI5MDg2NS4wLjAuMA..\">DERMAVEEL CREMA 30 ML<\/a>.<\/li>\n\n\n\n<li>Secreci\u00f3n nasal: para eliminar el exceso de secreci\u00f3n realizaremos una limpieza con agua de mar, como puede ser <a href=\"https:\/\/www.sanafarmacia.com\/fitonasal-spray-concentrado-30-ml-1833?_gl=1*14d0ak6*_up*MQ..*_ga*MTcxMjI4MDA2Ny4xNjgxMjg1NDQ0*_ga_8WVC9N3KK6*MTY4MTI4OTI1OC4yLjEuMTY4MTI5MTA3MS4wLjAuMA..\">FITONASAL SPRAY CONCENTRADO 30 ML<\/a>.<\/li>\n\n\n\n<li>Garganta seca e irritada: podemos aliviar las molestias con una soluci\u00f3n natural para reducir la sequedad en la garganta, por ejemplo, usando <a href=\"https:\/\/www.sanafarmacia.com\/propol-2-emf-spray-oral-30-g-1843?_gl=1*1i5oo2p*_up*MQ..*_ga*MTcxMjI4MDA2Ny4xNjgxMjg1NDQ0*_ga_8WVC9N3KK6*MTY4MTI4OTI1OC4yLjEuMTY4MTI5MTMzMS4wLjAuMA..\">PROPOL 2 EMF SPRAY ORAL 30 G<\/a>.<\/li>\n\n\n\n<li>Distintos s\u00edntomas propios de la alergia: existen tratamientos naturales, como <a href=\"https:\/\/www.sanafarmacia.com\/alerphyt-36-caps-drasanvi-12772?_gl=1*z5bjvq*_ga*MTk2NjgzMjE1MC4xNjgxMzc3Njg5*_up*MQ..\" data-type=\"URL\" data-id=\"https:\/\/www.sanafarmacia.com\/alerphyt-36-caps-drasanvi-12772?_gl=1*z5bjvq*_ga*MTk2NjgzMjE1MC4xNjgxMzc3Njg5*_up*MQ..\">ALERPHYT 36 CAPS DRASANVI<\/a>, con Ortiga verde, Sol de oro y quercetina, que alivia sin somnolencia como efecto indeseado del tratamiento alop\u00e1tico.<\/li>\n<\/ul>\n\n\n\n<figure class=\"wp-block-image aligncenter size-large is-resized\"><img decoding=\"async\" loading=\"lazy\" src=\"https:\/\/www.sanafarmacia.com\/blog\/wp-content\/uploads\/2023\/04\/Feed-2-33-1024x1024.jpg\" alt=\"\" class=\"wp-image-4194\" width=\"374\" height=\"374\"\/><\/figure>\n\n\n\n<p>Hay mucha variedad de productos que pueden ayudarte. Si deseas que te recomendemos el que mejor se adapa a tus necesidades no dudes en contactar con nosotros y nuestro equipo de farmac\u00e9uticos te escuchar\u00e1n y asesorar\u00e1n<\/p>\n","protected":false},"excerpt":{"rendered":"<p>Lleg\u00f3 la primavera: alegr\u00eda y energ\u00eda para unos, cansancio y tristeza para otros. Pero sin duda, hay algo que no podemos olvidar en esta \u00e9poca: las alergias primaverales.&nbsp; La primavera puede ser una \u00e9poca dif\u00edcil para las personas que sufren alergias, que cada vez son m\u00e1s. Existen much\u00edsimos tipos de alergias que se incrementan durante [&hellip;]<\/p>\n","protected":false},"author":3,"featured_media":4191,"comment_status":"closed","ping_status":"closed","sticky":false,"template":"","format":"standard","meta":{"_et_pb_use_builder":"","_et_pb_old_content":"","_et_gb_content_width":""},"categories":[105],"tags":[526,529,528,334,375,525,36,77,19,532,248,531],"_links":{"self":[{"href":"https:\/\/www.sanafarmacia.com\/blog\/wp-json\/wp\/v2\/posts\/4185"}],"collection":[{"href":"https:\/\/www.sanafarmacia.com\/blog\/wp-json\/wp\/v2\/posts"}],"about":[{"href":"https:\/\/www.sanafarmacia.com\/blog\/wp-json\/wp\/v2\/types\/post"}],"author":[{"embeddable":true,"href":"https:\/\/www.sanafarmacia.com\/blog\/wp-json\/wp\/v2\/users\/3"}],"replies":[{"embeddable":true,"href":"https:\/\/www.sanafarmacia.com\/blog\/wp-json\/wp\/v2\/comments?post=4185"}],"version-history":[{"count":2,"href":"https:\/\/www.sanafarmacia.com\/blog\/wp-json\/wp\/v2\/posts\/4185\/revisions"}],"predecessor-version":[{"id":4195,"href":"https:\/\/www.sanafarmacia.com\/blog\/wp-json\/wp\/v2\/posts\/4185\/revisions\/4195"}],"wp:featuredmedia":[{"embeddable":true,"href":"https:\/\/www.sanafarmacia.com\/blog\/wp-json\/wp\/v2\/media\/4191"}],"wp:attachment":[{"href":"https:\/\/www.sanafarmacia.com\/blog\/wp-json\/wp\/v2\/media?parent=4185"}],"wp:term":[{"taxonomy":"category","embeddable":true,"href":"https:\/\/www.sanafarmacia.com\/blog\/wp-json\/wp\/v2\/categories?post=4185"},{"taxonomy":"post_tag","embeddable":true,"href":"https:\/\/www.sanafarmacia.com\/blog\/wp-json\/wp\/v2\/tags?post=4185"}],"curies":[{"name":"wp","href":"https:\/\/api.w.org\/{rel}","templated":true}]}}