{"id":4075,"date":"2023-01-25T12:51:00","date_gmt":"2023-01-25T11:51:00","guid":{"rendered":"https:\/\/www.sanafarmacia.com\/blog\/?p=4075"},"modified":"2023-01-30T13:28:39","modified_gmt":"2023-01-30T12:28:39","slug":"como-evitar-brotes-de-piel-atopica-en-invierno","status":"publish","type":"post","link":"https:\/\/www.sanafarmacia.com\/blog\/como-evitar-brotes-de-piel-atopica-en-invierno\/","title":{"rendered":"\u00bfC\u00f3mo evitar brotes de piel at\u00f3pica en invierno?"},"content":{"rendered":"\n<p>La atopia es una patolog\u00eda inflamatoria cr\u00f3nica que se produce en la piel. Suele cursar con s\u00edntomas como picor, enrojecimiento, eczema y en casos m\u00e1s graves pueden aparecer heridas y ampollas.<\/p>\n\n\n\n<p>Existen distintos casos de severidad, desde leve a moderado y severo. Se trata una dolencia que se produce mediante brotes, habiendo periodos de empeoramiento intercalados con etapas de mantenimiento. Las lesiones se manifiestan como placas eczematosas descamativas que producen mucho picor y molestias.<\/p>\n\n\n\n<p>La atopia se da con mayor prevalencia en ni\u00f1os que en adultos, not\u00e1ndose un importante incremento de casos en pa\u00edses industrializados en los \u00faltimos a\u00f1os. Se piensa que se debe a el aumento de la contaminaci\u00f3n y el exceso de higiene durante los primeros meses de vida.<\/p>\n\n\n\n<p>La dermatitis at\u00f3pica es una enfermedad multifactorial que se produce por medio de un c\u00edrculo vicioso donde est\u00e1n relacionados diferentes protagonistas como la gen\u00e9tica (se trata de una enfermedad hereditaria), el sistema inmune y la microbiota de la piel, pudi\u00e9ndose agravar por factores internos y externos. Uno de los factores externos y que ata\u00f1e este art\u00edculo, es el que encontramos durante el invierno. Los cambios bruscos de temperatura que se pueden dar en los cambios de estaci\u00f3n o los producidos durante esta \u00e9poca del a\u00f1o, por el uso de calefacci\u00f3n, convirti\u00e9ndose en ingredientes id\u00f3neos para el aumento de la sequedad de la piel, p\u00e9rdida de funci\u00f3n barrera y empeoramiento de la sintomatolog\u00eda en patolog\u00edas de la piel como la dermatitis at\u00f3pica.<\/p>\n\n\n\n<p>Esta dermatosis no tiene cura, pero mejora y se controla muy eficazmente mediante un cuidado espec\u00edfico de la piel:<\/p>\n\n\n\n<h3>1. Lleva a cabo la rutina de higiene diaria en la que laves e hidrates tu piel con los productos adecuados.<\/h3>\n\n\n\n<p>El uso de productos de higiene y emoliencia que cubran todo el campo de acci\u00f3n descrito anteriormente (sistema inmune, funci\u00f3n barrera, microbiota, etc). Estos productos aumentan la fase de mantenimiento evitando que se produzca otro brote. Adem\u00e1s, son eficaces frente brotes leves como \u00fanico tratamiento y en coadyuvancia de tratamiento farmacol\u00f3gicos.<\/p>\n\n\n\n<p>Desde Sanafarmacia te recomendamos algunos de los mejores productos para tratar esta patolog\u00eda:<\/p>\n\n\n\n<div class=\"is-layout-flex wp-container-3 wp-block-columns\">\n<div class=\"is-layout-flow wp-block-column\">\n<ul>\n<li><a href=\"https:\/\/www.sanafarmacia.com\/a-derma-exomega-balsamo-400-ml-3796?_gl=1*3hjou4*_up*MQ..*_ga*MTc2MTU2MDE3Mi4xNjc0MjA3OTMz*_ga_8WVC9N3KK6*MTY3NDIwNzkzMS4xLjEuMTY3NDIwOTk1MC4wLjAuMA..\" data-type=\"URL\" data-id=\"https:\/\/www.sanafarmacia.com\/a-derma-exomega-balsamo-400-ml-3796?_gl=1*3hjou4*_up*MQ..*_ga*MTc2MTU2MDE3Mi4xNjc0MjA3OTMz*_ga_8WVC9N3KK6*MTY3NDIwNzkzMS4xLjEuMTY3NDIwOTk1MC4wLjAuMA..\"><strong>A-DERMA EXOMEGA BALSAMO 400 ML<\/strong><\/a>: B\u00e1lsamo nutritivo que calma el picor y alivia la picaz\u00f3n.<\/li>\n\n\n\n<li><a href=\"https:\/\/www.sanafarmacia.com\/a-derma-exomega-duplo-gel-limpiador-emoliente-500-ml-3799?_gl=1*g6wxsx*_up*MQ..*_ga*MTY4NTk5MjExNC4xNjc0MjA5OTg2*_ga_8WVC9N3KK6*MTY3NDIwOTk4NS4xLjEuMTY3NDIxMDA0Mi4wLjAuMA..\" data-type=\"URL\" data-id=\"https:\/\/www.sanafarmacia.com\/a-derma-exomega-duplo-gel-limpiador-emoliente-500-ml-3799?_gl=1*g6wxsx*_up*MQ..*_ga*MTY4NTk5MjExNC4xNjc0MjA5OTg2*_ga_8WVC9N3KK6*MTY3NDIwOTk4NS4xLjEuMTY3NDIxMDA0Mi4wLjAuMA..\"><strong>A-DERMA EXOMEGA DUPLO GEL LIMPIADOR EMOLIENTE 500 ML<\/strong><\/a>: Gel lavante emoliente para la higiene de pieles con tendencia at\u00f3pica. Producto 2 en 1, cabello y cuerpo.<\/li>\n<\/ul>\n<\/div>\n\n\n\n<div class=\"is-layout-flow wp-block-column\">\n<figure class=\"wp-block-image aligncenter size-large is-resized\"><img decoding=\"async\" loading=\"lazy\" src=\"https:\/\/www.sanafarmacia.com\/blog\/wp-content\/uploads\/2023\/01\/Feed-2-27-1024x1024.jpg\" alt=\"\" class=\"wp-image-4087\" width=\"312\" height=\"312\"\/><\/figure>\n<\/div>\n<\/div>\n\n\n\n<div class=\"is-layout-flex wp-container-6 wp-block-columns\">\n<div class=\"is-layout-flow wp-block-column\">\n<ul>\n<li><a href=\"https:\/\/www.sanafarmacia.com\/lipikar-ap-balsamo-corporal-antipicor--200-ml-3285?_gl=1*1xikn6u*_up*MQ..*_ga*MTc2MTU2MDE3Mi4xNjc0MjA3OTMz*_ga_8WVC9N3KK6*MTY3NDIwNzkzMS4xLjEuMTY3NDIwOTgwNy4wLjAuMA..\" data-type=\"URL\" data-id=\"https:\/\/www.sanafarmacia.com\/lipikar-ap-balsamo-corporal-antipicor--200-ml-3285?_gl=1*1xikn6u*_up*MQ..*_ga*MTc2MTU2MDE3Mi4xNjc0MjA3OTMz*_ga_8WVC9N3KK6*MTY3NDIwNzkzMS4xLjEuMTY3NDIwOTgwNy4wLjAuMA..\"><strong>LIPIKAR BAUME AP BALSAMO CORPORAL ANTIPICOR 200 ML<\/strong><\/a>: B\u00e1lsamo que ayuda a reequilibrar el microbioma de la piel at\u00f3pica con eczemas o tendencia al\u00e9rgica.<\/li>\n\n\n\n<li><a href=\"https:\/\/www.sanafarmacia.com\/lipikar-leche-corporal-750-ml-la-roche-posay-8295?_gl=1*1gtd92k*_up*MQ..*_ga*MTc2MTU2MDE3Mi4xNjc0MjA3OTMz*_ga_8WVC9N3KK6*MTY3NDIwNzkzMS4xLjEuMTY3NDIwOTg1OC4wLjAuMA..\" data-type=\"URL\" data-id=\"https:\/\/www.sanafarmacia.com\/lipikar-leche-corporal-750-ml-la-roche-posay-8295?_gl=1*1gtd92k*_up*MQ..*_ga*MTc2MTU2MDE3Mi4xNjc0MjA3OTMz*_ga_8WVC9N3KK6*MTY3NDIwNzkzMS4xLjEuMTY3NDIwOTg1OC4wLjAuMA..\"><strong>LIPIKAR LECHE CORPORAL 750 ML LA ROCHE POSAY<\/strong><\/a>: Leche que hidrata durante m\u00e1s de 48 horas que reduce la tirantez y restablece la elasticidad de la piel sensible.<\/li>\n\n\n\n<li><a href=\"https:\/\/www.sanafarmacia.com\/lipikar-aceite-lavante-la-roche-posay-750-ml-8294?_gl=1*1x38cdw*_up*MQ..*_ga*MTUwMzg2MjM2My4xNjc0MjEwMjU0*_ga_8WVC9N3KK6*MTY3NDIxMDI1Mi4xLjAuMTY3NDIxMDI1Mi4wLjAuMA..\" data-type=\"URL\" data-id=\"https:\/\/www.sanafarmacia.com\/lipikar-aceite-lavante-la-roche-posay-750-ml-8294?_gl=1*1x38cdw*_up*MQ..*_ga*MTUwMzg2MjM2My4xNjc0MjEwMjU0*_ga_8WVC9N3KK6*MTY3NDIxMDI1Mi4xLjAuMTY3NDIxMDI1Mi4wLjAuMA..\"><strong>LIPIKAR ACEITE LAVANTE 750 ML<\/strong><\/a>: Aceite limpiador anti-irritaci\u00f3n y anti-picor reponedor de l\u00edpidos.<\/li>\n<\/ul>\n<\/div>\n\n\n\n<div class=\"is-layout-flow wp-block-column\">\n<figure class=\"wp-block-image aligncenter size-large is-resized\"><img decoding=\"async\" loading=\"lazy\" src=\"https:\/\/www.sanafarmacia.com\/blog\/wp-content\/uploads\/2023\/01\/Feed-2-28-1024x1024.jpg\" alt=\"\" class=\"wp-image-4088\" width=\"321\" height=\"321\"\/><\/figure>\n<\/div>\n<\/div>\n\n\n\n<ul>\n<li><a href=\"https:\/\/www.sanafarmacia.com\/avene-xeracalm-ad-balsamo-relipidizante-200-ml-3591?_gl=1*vhknif*_up*MQ..*_ga*MTUwMzg2MjM2My4xNjc0MjEwMjU0*_ga_8WVC9N3KK6*MTY3NDIxMDI1Mi4xLjEuMTY3NDIxMDMwMy4wLjAuMA..\" data-type=\"URL\" data-id=\"https:\/\/www.sanafarmacia.com\/avene-xeracalm-ad-balsamo-relipidizante-200-ml-3591?_gl=1*vhknif*_up*MQ..*_ga*MTUwMzg2MjM2My4xNjc0MjEwMjU0*_ga_8WVC9N3KK6*MTY3NDIxMDI1Mi4xLjEuMTY3NDIxMDMwMy4wLjAuMA..\"><strong>AVENE XERACALM A.D. BALSAMO RELIPIDIZANTE DEFI 200 ML<\/strong><\/a>: B\u00e1lsamo restaurador para pieles muy secas con tendencia a la dermatitis at\u00f3pica y al picor.<\/li>\n\n\n\n<li><strong><a href=\"https:\/\/www.sanafarmacia.com\/uriage-xemose-crema-emoliente-universal-400-ml-201?_gl=1*sy91kv*_up*MQ..*_ga*MTUwMzg2MjM2My4xNjc0MjEwMjU0*_ga_8WVC9N3KK6*MTY3NDIxMDI1Mi4xLjEuMTY3NDIxMDM4My4wLjAuMA..\" data-type=\"URL\" data-id=\"https:\/\/www.sanafarmacia.com\/uriage-xemose-crema-emoliente-universal-400-ml-201?_gl=1*sy91kv*_up*MQ..*_ga*MTUwMzg2MjM2My4xNjc0MjEwMjU0*_ga_8WVC9N3KK6*MTY3NDIxMDI1Mi4xLjEuMTY3NDIxMDM4My4wLjAuMA..\">URIAGE XEMOSE CREMA EMOLIENTE UNIVERSAL 400 ML<\/a>:<\/strong> Crema nutritiva y protectora que alivia la sensaci\u00f3n de picor que provoca el rascado debido a la sequedad, calmando instant\u00e1neamente. <\/li>\n<\/ul>\n\n\n\n<div class=\"is-layout-flex wp-container-9 wp-block-columns\">\n<div class=\"is-layout-flow wp-block-column\">\n<figure class=\"wp-block-image aligncenter size-large is-resized\"><img decoding=\"async\" loading=\"lazy\" src=\"https:\/\/www.sanafarmacia.com\/blog\/wp-content\/uploads\/2023\/01\/Feed-2-24-1024x1024.jpg\" alt=\"\" class=\"wp-image-4089\" width=\"326\" height=\"326\"\/><\/figure>\n<\/div>\n\n\n\n<div class=\"is-layout-flow wp-block-column\">\n<figure class=\"wp-block-image aligncenter size-large is-resized\"><img decoding=\"async\" loading=\"lazy\" src=\"https:\/\/www.sanafarmacia.com\/blog\/wp-content\/uploads\/2023\/01\/Feed-2-25-1024x1024.jpg\" alt=\"\" class=\"wp-image-4090\" width=\"324\" height=\"324\"\/><\/figure>\n<\/div>\n<\/div>\n\n\n\n<p><\/p>\n\n\n\n<h3>2. Siguiendo consejos cotidianos que debemos aplicar a diario: <\/h3>\n\n\n\n<ul>\n<li>Mantener un estilo de vida saludable: dieta equilibrada, alta hidrataci\u00f3n, practicar ejercicio, mantener el estr\u00e9s bajo control, evitar h\u00e1bitos insalubres como el tabaco o el alcohol, etc.<\/li>\n<\/ul>\n\n\n\n<ul>\n<li>Realiza duchas cortas de agua templada intentando no utilizar esponjas. Evitar los ba\u00f1os.<\/li>\n<\/ul>\n\n\n\n<ul>\n<li>Utiliza prendas de algod\u00f3n en vez de lana u otros tejidos irritantes.<\/li>\n<\/ul>\n\n\n\n<ul>\n<li>Evita cambios bruscos de temperatura.<\/li>\n<\/ul>\n\n\n\n<ul>\n<li>Abrigar en exceso puede ser contraproducente si llegamos a sudar.<\/li>\n<\/ul>\n\n\n\n<ul>\n<li>Ventila los ambientes del hogar que uses calefacci\u00f3n para evitar que se reseque el ambiente o utiliza alg\u00fan humidificador.<\/li>\n<\/ul>\n\n\n\n<p>Puedes contar con el consejo personalizado de nuestros farmac\u00e9uticos y te dejamos nuestras gamas favoritas para el cuidado de la piel at\u00f3pica. En el caso de usar alg\u00fan tratamiento farmacol\u00f3gico, consultar con el farmac\u00e9utico sobre como integrarlo en la rutina de cuidado de la piel.<\/p>\n\n\n\n<div class=\"is-layout-flex wp-container-12 wp-block-columns\">\n<div class=\"is-layout-flow wp-block-column\">\n<figure class=\"wp-block-image aligncenter size-full is-resized\"><a href=\"https:\/\/www.sanafarmacia.com\/busqueda?controller=search&amp;s=a-derma+exomega&amp;_gl=1*ulntjg*_up*MQ..*_ga*MTM2NjgxMTA5MC4xNjc0NjQyOTk5*_ga_8WVC9N3KK6*MTY3NDY0ODMxNi4yLjEuMTY3NDY0ODM1NS4wLjAuMA..\"><img decoding=\"async\" loading=\"lazy\" src=\"https:\/\/www.sanafarmacia.com\/blog\/wp-content\/uploads\/2022\/09\/Group-4.png\" alt=\"\" class=\"wp-image-3731\" width=\"433\" height=\"233\"\/><\/a><\/figure>\n<\/div>\n\n\n\n<div class=\"is-layout-flow wp-block-column\">\n<figure class=\"wp-block-image aligncenter size-full\"><a href=\"https:\/\/www.sanafarmacia.com\/busqueda?controller=search&amp;s=avene+xeracalm&amp;_gl=1*19z710f*_up*MQ..*_ga*MTM2NjgxMTA5MC4xNjc0NjQyOTk5*_ga_8WVC9N3KK6*MTY3NDY0ODMxNi4yLjAuMTY3NDY0ODMxNi4wLjAuMA..\"><img decoding=\"async\" loading=\"lazy\" width=\"184\" height=\"285\" src=\"https:\/\/www.sanafarmacia.com\/blog\/wp-content\/uploads\/2022\/09\/comprar-xeracalm-avene.png\" alt=\"\" class=\"wp-image-3732\"\/><\/a><\/figure>\n<\/div>\n<\/div>\n\n\n\n<div class=\"is-layout-flex wp-container-15 wp-block-columns\">\n<div class=\"is-layout-flow wp-block-column\">\n<figure class=\"wp-block-image size-full\"><a href=\"https:\/\/www.sanafarmacia.com\/busqueda?controller=search&amp;s=lipikar&amp;_gl=1*lpmw3u*_up*MQ..*_ga*MTM2NjgxMTA5MC4xNjc0NjQyOTk5*_ga_8WVC9N3KK6*MTY3NDY0Mjk5OC4xLjEuMTY3NDY0NTk3MC4wLjAuMA..\"><img decoding=\"async\" loading=\"lazy\" width=\"478\" height=\"248\" src=\"https:\/\/www.sanafarmacia.com\/blog\/wp-content\/uploads\/2022\/09\/lrp_lipikar_478x248_gammes2-1.png\" alt=\"\" class=\"wp-image-3734\" srcset=\"https:\/\/www.sanafarmacia.com\/blog\/wp-content\/uploads\/2022\/09\/lrp_lipikar_478x248_gammes2-1.png 478w, https:\/\/www.sanafarmacia.com\/blog\/wp-content\/uploads\/2022\/09\/lrp_lipikar_478x248_gammes2-1-300x156.png 300w\" sizes=\"(max-width: 478px) 100vw, 478px\" \/><\/a><\/figure>\n<\/div>\n\n\n\n<div class=\"is-layout-flow wp-block-column\">\n<figure class=\"wp-block-image aligncenter size-full is-resized\"><a href=\"https:\/\/www.sanafarmacia.com\/marcas\/uriage-334?page=2&amp;tab=parafarmacias&amp;_gl=1%2Aruvyb3%2A_up%2AMQ..%2A_ga%2ANjc0MjY0MjM0LjE2NzQ2NDgyNTc.%2A_ga_8WVC9N3KK6%2AMTY3NDY0ODI1Ni4xLjAuMTY3NDY0ODI1Ni4wLjAuMA..\"><img decoding=\"async\" loading=\"lazy\" src=\"https:\/\/www.sanafarmacia.com\/blog\/wp-content\/uploads\/2022\/09\/URIAGE-CUIDA-TU-PIEL-EN-LA-EPOCA-DE-FRIO1.jpg\" alt=\"\" class=\"wp-image-3735\" width=\"313\" height=\"225\"\/><\/a><\/figure>\n<\/div>\n<\/div>\n","protected":false},"excerpt":{"rendered":"<p>La atopia es una patolog\u00eda inflamatoria cr\u00f3nica que se produce en la piel. Suele cursar con s\u00edntomas como picor, enrojecimiento, eczema y en casos m\u00e1s graves pueden aparecer heridas y ampollas. Existen distintos casos de severidad, desde leve a moderado y severo. Se trata una dolencia que se produce mediante brotes, habiendo periodos de empeoramiento [&hellip;]<\/p>\n","protected":false},"author":3,"featured_media":4076,"comment_status":"closed","ping_status":"closed","sticky":false,"template":"","format":"standard","meta":{"_et_pb_use_builder":"","_et_pb_old_content":"","_et_gb_content_width":""},"categories":[106,105],"tags":[501,503,504,279,505,507,508,128,51,506,257,122,30,19],"_links":{"self":[{"href":"https:\/\/www.sanafarmacia.com\/blog\/wp-json\/wp\/v2\/posts\/4075"}],"collection":[{"href":"https:\/\/www.sanafarmacia.com\/blog\/wp-json\/wp\/v2\/posts"}],"about":[{"href":"https:\/\/www.sanafarmacia.com\/blog\/wp-json\/wp\/v2\/types\/post"}],"author":[{"embeddable":true,"href":"https:\/\/www.sanafarmacia.com\/blog\/wp-json\/wp\/v2\/users\/3"}],"replies":[{"embeddable":true,"href":"https:\/\/www.sanafarmacia.com\/blog\/wp-json\/wp\/v2\/comments?post=4075"}],"version-history":[{"count":2,"href":"https:\/\/www.sanafarmacia.com\/blog\/wp-json\/wp\/v2\/posts\/4075\/revisions"}],"predecessor-version":[{"id":4091,"href":"https:\/\/www.sanafarmacia.com\/blog\/wp-json\/wp\/v2\/posts\/4075\/revisions\/4091"}],"wp:featuredmedia":[{"embeddable":true,"href":"https:\/\/www.sanafarmacia.com\/blog\/wp-json\/wp\/v2\/media\/4076"}],"wp:attachment":[{"href":"https:\/\/www.sanafarmacia.com\/blog\/wp-json\/wp\/v2\/media?parent=4075"}],"wp:term":[{"taxonomy":"category","embeddable":true,"href":"https:\/\/www.sanafarmacia.com\/blog\/wp-json\/wp\/v2\/categories?post=4075"},{"taxonomy":"post_tag","embeddable":true,"href":"https:\/\/www.sanafarmacia.com\/blog\/wp-json\/wp\/v2\/tags?post=4075"}],"curies":[{"name":"wp","href":"https:\/\/api.w.org\/{rel}","templated":true}]}}