{"id":4007,"date":"2022-11-29T15:18:51","date_gmt":"2022-11-29T14:18:51","guid":{"rendered":"https:\/\/www.sanafarmacia.com\/blog\/?p=4007"},"modified":"2022-11-29T15:18:52","modified_gmt":"2022-11-29T14:18:52","slug":"igualdad-ya-en-el-dia-mundial-del-sida","status":"publish","type":"post","link":"https:\/\/www.sanafarmacia.com\/blog\/igualdad-ya-en-el-dia-mundial-del-sida\/","title":{"rendered":"Igualdad Ya en el D\u00eda Mundial del Sida"},"content":{"rendered":"\n<p>Este 1 de diciembre, D\u00eda Mundial del Sida, desde Sanafarmacia nos unimos a la lucha contra el sida con el fin de concienciar sobre la necesidad de colaboraci\u00f3n ciudadana para reducir el estigma y discriminaci\u00f3n hacia las personas con sida, as\u00ed como a continuar en la investigaci\u00f3n para mejorar la calidad de vida y trabajar en la prevenci\u00f3n de la enfermedad.<\/p>\n\n\n\n<p>En nuestro contexto actual, en el que la COVID-19 ha cobrado protagonismo, pandemias como las del VIH ven reducidos los recursos empleados en investigaci\u00f3n y tratamientos, poniendo en riesgo las vidas de millones de pacientes. Existen grupos de poblaci\u00f3n que se enfrentan a la criminalizaci\u00f3n, la discriminaci\u00f3n y el estigma, de los que tan solo un tercio tienen un acceso regular a la prevenci\u00f3n del VIH. Entre los grupos clave se incluyen los hombres homosexuales, personas trans, consumidores de drogas, presos y trabajadores sexuales, as\u00ed como j\u00f3venes africanas, que est\u00e1n siendo desproporcionadamente m\u00e1s afectadas por el VIH.<\/p>\n\n\n\n<p>ONUSIDA en su nuevo informe \u201c<a href=\"https:\/\/www.unaids.org\/es\/resources\/presscentre\/pressreleaseandstatementarchive\/2022\/november\/20221129_dangerous-inequalities\">Desigualdades peligrosas<\/a>\u201d desvela el impacto que las desigualdades tienen la respuesta al sida y demuestra la posibilidad de avanzar para terminar con ellas. Trabajar unidos en aquellas acciones que podemos llevar a la pr\u00e1ctica para abordar las desigualdades y contribuir a poner fin al sida es de vital importancia, y a\u00fan m\u00e1s aproxim\u00e1ndonos al objetivo de poner fin al sida como una amenaza mundial para la salud mundial de la Agenda 2030.<\/p>\n\n\n\n<p>Este 2022, bajo el eslogan \u201cIgualdad Ya\u201d, ONUSIDA presenta una serie de compromisos que debemos tomar para disminuir las desigualdades:<\/p>\n\n\n\n<ul>\n<li>Aumentar el acceso y calidad del acceso a pruebas de VIH, tratamiento y prevenci\u00f3n.<\/li>\n\n\n\n<li>Reformar las leyes para reducir el estigma y exclusi\u00f3n de las personas con VIH, fomentando el respeto e integraci\u00f3n.<\/li>\n\n\n\n<li>Permitir un acceso igualitario a la mejor ciencia e intercambio de tecnolog\u00eda para el VIH.<\/li>\n<\/ul>\n\n\n\n<div class=\"is-layout-flex wp-container-4 wp-block-columns\">\n<div class=\"is-layout-flow wp-block-column\">\n<figure class=\"wp-block-image size-large\"><img decoding=\"async\" loading=\"lazy\" width=\"1024\" height=\"1024\" src=\"https:\/\/www.sanafarmacia.com\/blog\/wp-content\/uploads\/2022\/11\/2022-cde-wad22-postcard-3-es-1024x1024.jpg\" alt=\"\" class=\"wp-image-4010\" srcset=\"https:\/\/www.sanafarmacia.com\/blog\/wp-content\/uploads\/2022\/11\/2022-cde-wad22-postcard-3-es-1024x1024.jpg 1024w, https:\/\/www.sanafarmacia.com\/blog\/wp-content\/uploads\/2022\/11\/2022-cde-wad22-postcard-3-es-980x980.jpg 980w, https:\/\/www.sanafarmacia.com\/blog\/wp-content\/uploads\/2022\/11\/2022-cde-wad22-postcard-3-es-480x480.jpg 480w\" sizes=\"(min-width: 0px) and (max-width: 480px) 480px, (min-width: 481px) and (max-width: 980px) 980px, (min-width: 981px) 1024px, 100vw\" \/><\/figure>\n<\/div>\n\n\n\n<div class=\"is-layout-flow wp-block-column\">\n<figure class=\"wp-block-image size-large\"><img decoding=\"async\" loading=\"lazy\" width=\"1024\" height=\"1024\" src=\"https:\/\/www.sanafarmacia.com\/blog\/wp-content\/uploads\/2022\/11\/2022-cde-wad22-postcard-1-es-1024x1024.jpg\" alt=\"\" class=\"wp-image-4011\" srcset=\"https:\/\/www.sanafarmacia.com\/blog\/wp-content\/uploads\/2022\/11\/2022-cde-wad22-postcard-1-es-1024x1024.jpg 1024w, https:\/\/www.sanafarmacia.com\/blog\/wp-content\/uploads\/2022\/11\/2022-cde-wad22-postcard-1-es-980x980.jpg 980w, https:\/\/www.sanafarmacia.com\/blog\/wp-content\/uploads\/2022\/11\/2022-cde-wad22-postcard-1-es-480x480.jpg 480w\" sizes=\"(min-width: 0px) and (max-width: 480px) 480px, (min-width: 481px) and (max-width: 980px) 980px, (min-width: 981px) 1024px, 100vw\" \/><\/figure>\n<\/div>\n\n\n\n<div class=\"is-layout-flow wp-block-column\">\n<figure class=\"wp-block-image size-large\"><img decoding=\"async\" loading=\"lazy\" width=\"1024\" height=\"1024\" src=\"https:\/\/www.sanafarmacia.com\/blog\/wp-content\/uploads\/2022\/11\/2022-cde-wad22-postcard-4-es-1024x1024.jpg\" alt=\"\" class=\"wp-image-4012\" srcset=\"https:\/\/www.sanafarmacia.com\/blog\/wp-content\/uploads\/2022\/11\/2022-cde-wad22-postcard-4-es-1024x1024.jpg 1024w, https:\/\/www.sanafarmacia.com\/blog\/wp-content\/uploads\/2022\/11\/2022-cde-wad22-postcard-4-es-980x980.jpg 980w, https:\/\/www.sanafarmacia.com\/blog\/wp-content\/uploads\/2022\/11\/2022-cde-wad22-postcard-4-es-480x480.jpg 480w\" sizes=\"(min-width: 0px) and (max-width: 480px) 480px, (min-width: 481px) and (max-width: 980px) 980px, (min-width: 981px) 1024px, 100vw\" \/><\/figure>\n<\/div>\n<\/div>\n\n\n\n<p><\/p>\n\n\n\n<div class=\"is-layout-flex wp-container-7 wp-block-columns\">\n<div class=\"is-layout-flow wp-block-column\">\n<p>Adem\u00e1s, desde Sanafarmacia os animamos a asistir este jueves 1 de diciembre a las 17:00h. al Memorial de las v\u00edctimas del sida y de las personas que viven con VIH, situado en la Alameda de H\u00e9rcules de Sevilla, donde Adhara Asociaci\u00f3n VIH\/sida organiza una lectura del manifiesto con motivo del D\u00eda Mundial del Sida.<\/p>\n<\/div>\n\n\n\n<div class=\"is-layout-flow wp-block-column\">\n<figure class=\"wp-block-image size-large is-resized\"><a href=\"https:\/\/www.sanafarmacia.com\/blog\/wp-content\/uploads\/2022\/11\/Adhara-1-diciembre-scaled.jpg\"><img decoding=\"async\" loading=\"lazy\" src=\"https:\/\/www.sanafarmacia.com\/blog\/wp-content\/uploads\/2022\/11\/Adhara-1-diciembre-1024x683.jpg\" alt=\"\" class=\"wp-image-4014\" width=\"481\" height=\"320\"\/><\/a><\/figure>\n<\/div>\n<\/div>\n\n\n\n<p>Este a\u00f1o se han conmemorado 40 a\u00f1os desde que los primeros diagn\u00f3sticos de VIH aparecieran en Espa\u00f1a. Durante estas cuatro d\u00e9cadas se estima que en el mundo 84,2 millones de personas han contra\u00eddo la infecci\u00f3n por el VIH y 40,1 millones de personas han muerto de enfermedades relacionadas con el sida. En nuestro pa\u00eds m\u00e1s de 200.000 personas han adquirido el VIH de la cuales m\u00e1s de 60 mil han fallecido.<\/p>\n\n\n\n<p>Cuatro d\u00e9cadas en las que tambi\u00e9n se han dado importantes pasos y en las que estamos convencidos que todos estos avances no se habr\u00edan producido sin el empuje, el trabajo y la colaboraci\u00f3n de la sociedad civil de respuesta al VIH con las administraciones p\u00fablicas. Esto tan solo nos reafirman en la necesidad de incrementar nuestro esfuerzo para alcanzar los grandes retos a\u00fan pendientes.<\/p>\n","protected":false},"excerpt":{"rendered":"<p>Este 1 de diciembre, D\u00eda Mundial del Sida, desde Sanafarmacia nos unimos a la lucha contra el sida con el fin de concienciar sobre la necesidad de colaboraci\u00f3n ciudadana para reducir el estigma y discriminaci\u00f3n hacia las personas con sida, as\u00ed como a continuar en la investigaci\u00f3n para mejorar la calidad de vida y trabajar [&hellip;]<\/p>\n","protected":false},"author":3,"featured_media":4009,"comment_status":"closed","ping_status":"closed","sticky":false,"template":"","format":"standard","meta":{"_et_pb_use_builder":"","_et_pb_old_content":"","_et_gb_content_width":""},"categories":[107,105],"tags":[479,480,482,19,478,170,160],"_links":{"self":[{"href":"https:\/\/www.sanafarmacia.com\/blog\/wp-json\/wp\/v2\/posts\/4007"}],"collection":[{"href":"https:\/\/www.sanafarmacia.com\/blog\/wp-json\/wp\/v2\/posts"}],"about":[{"href":"https:\/\/www.sanafarmacia.com\/blog\/wp-json\/wp\/v2\/types\/post"}],"author":[{"embeddable":true,"href":"https:\/\/www.sanafarmacia.com\/blog\/wp-json\/wp\/v2\/users\/3"}],"replies":[{"embeddable":true,"href":"https:\/\/www.sanafarmacia.com\/blog\/wp-json\/wp\/v2\/comments?post=4007"}],"version-history":[{"count":3,"href":"https:\/\/www.sanafarmacia.com\/blog\/wp-json\/wp\/v2\/posts\/4007\/revisions"}],"predecessor-version":[{"id":4016,"href":"https:\/\/www.sanafarmacia.com\/blog\/wp-json\/wp\/v2\/posts\/4007\/revisions\/4016"}],"wp:featuredmedia":[{"embeddable":true,"href":"https:\/\/www.sanafarmacia.com\/blog\/wp-json\/wp\/v2\/media\/4009"}],"wp:attachment":[{"href":"https:\/\/www.sanafarmacia.com\/blog\/wp-json\/wp\/v2\/media?parent=4007"}],"wp:term":[{"taxonomy":"category","embeddable":true,"href":"https:\/\/www.sanafarmacia.com\/blog\/wp-json\/wp\/v2\/categories?post=4007"},{"taxonomy":"post_tag","embeddable":true,"href":"https:\/\/www.sanafarmacia.com\/blog\/wp-json\/wp\/v2\/tags?post=4007"}],"curies":[{"name":"wp","href":"https:\/\/api.w.org\/{rel}","templated":true}]}}