{"id":3729,"date":"2022-09-14T10:57:10","date_gmt":"2022-09-14T08:57:10","guid":{"rendered":"https:\/\/www.sanafarmacia.com\/blog\/?p=3729"},"modified":"2022-09-15T10:51:13","modified_gmt":"2022-09-15T08:51:13","slug":"semana-del-cuidado-de-la-piel-atopica","status":"publish","type":"post","link":"https:\/\/www.sanafarmacia.com\/blog\/semana-del-cuidado-de-la-piel-atopica\/","title":{"rendered":"Semana del Cuidado de la Piel At\u00f3pica"},"content":{"rendered":"\n<p>La dermatitis at\u00f3pica es un trastorno hereditario y condicionado gen\u00e9ticamente que afecta a personas de todo el mundo, hasta a 1 de cada 5 ni\u00f1os. Es una enfermedad inflamatoria cr\u00f3nica que cursa con fases de brote y remisi\u00f3n. Los s\u00edntomas m\u00e1s comunes son sequedad en la piel, picor y eczema.<\/p>\n\n\n\n<p>No existe un tratamiento curativo frente a la dermatitis at\u00f3pica, aunque s\u00ed se pueden aliviar los s\u00edntomas y conseguir que los brotes sean m\u00e1s espaciados y mejore la calidad vida del paciente. Para ello hemos de seguir un tratamiento farmacol\u00f3gico y seguir unos cuidados dermocosm\u00e9ticos espec\u00edficos.<\/p>\n\n\n\n<h3>\u00bfQu\u00e9 ayuda a cuidar la piel at\u00f3pica?<\/h3>\n\n\n\n<ul><li>Ba\u00f1os cortos con agua tibia. El agua caliente reseca la piel por lo que es recomendable evitarla.<\/li><li>Secado suave sin frotar la piel.<\/li><li>Ropa holgada y que transpire, preferiblemente de algod\u00f3n.<\/li><li>Evitar acumulaci\u00f3n de polvo y al\u00e9rgenos. Hay que estar alerta y observar si hay algo que provoque una reacci\u00f3n en la piel.<\/li><li>Evitar ambientes muy secos y calor excesivos. Los cambios bruscos de temperatura y el sudor no benefician los eczemas. Regular la humedad del hogar puede ayudar bastante para evitar brotes de dermatitis at\u00f3pica. <\/li><\/ul>\n\n\n\n<div class=\"wp-block-image\"><figure class=\"aligncenter size-large is-resized\"><img decoding=\"async\" loading=\"lazy\" src=\"https:\/\/www.sanafarmacia.com\/blog\/wp-content\/uploads\/2022\/09\/Atopia-4-1024x1024.png\" alt=\"\" class=\"wp-image-3743\" width=\"526\" height=\"526\"\/><\/figure><\/div>\n\n\n\n<h3>\u00bfQu\u00e9 gamas de productos son nuestros preferidos?<\/h3>\n\n\n\n<div class=\"is-layout-flex wp-container-3 wp-block-columns\">\n<div class=\"is-layout-flow wp-block-column\">\n<div class=\"wp-block-image\"><figure class=\"aligncenter size-full is-resized\"><a href=\"https:\/\/www.sanafarmacia.com\/a-derma-exomega-duplo-gel-limpiador-emoliente-500-ml-3799?_gl=1*1glv2uu*_up*MQ..*_ga*NTY3OTExNDIxLjE2NjMxNDIxNjU.*_ga_8WVC9N3KK6*MTY2MzE0MjE2NC4xLjEuMTY2MzE0MzYzMy4wLjAuMA..\"><img decoding=\"async\" loading=\"lazy\" src=\"https:\/\/www.sanafarmacia.com\/blog\/wp-content\/uploads\/2022\/09\/Group-4.png\" alt=\"\" class=\"wp-image-3731\" width=\"450\" height=\"242\"\/><\/a><figcaption>A-Derma Exomega<\/figcaption><\/figure><\/div>\n<\/div>\n\n\n\n<div class=\"is-layout-flow wp-block-column\">\n<div class=\"wp-block-image\"><figure class=\"aligncenter size-full is-resized\"><a href=\"https:\/\/www.sanafarmacia.com\/uriage-xemose-aceite-limpiador-1-l-725\"><img decoding=\"async\" loading=\"lazy\" src=\"https:\/\/www.sanafarmacia.com\/blog\/wp-content\/uploads\/2022\/09\/URIAGE-CUIDA-TU-PIEL-EN-LA-EPOCA-DE-FRIO1.jpg\" alt=\"\" class=\"wp-image-3735\" width=\"347\" height=\"247\"\/><\/a><figcaption> Uriage X\u00e9mose <\/figcaption><\/figure><\/div>\n<\/div>\n<\/div>\n\n\n\n<div class=\"is-layout-flex wp-container-6 wp-block-columns\">\n<div class=\"is-layout-flow wp-block-column\">\n<div class=\"wp-block-image\"><figure class=\"aligncenter size-full is-resized\"><a href=\"https:\/\/www.sanafarmacia.com\/lipikar-duplo-gel-de-ducha-calmante-protector-750mlx2-12243?_gl=1*1mrb7m8*_up*MQ..*_ga*MTI1ODEwNjk4NC4xNjYzMTQ1NDQz*_ga_8WVC9N3KK6*MTY2MzE0NTQ0MS4xLjAuMTY2MzE0NTQ0MS4wLjAuMA..\"><img decoding=\"async\" loading=\"lazy\" src=\"https:\/\/www.sanafarmacia.com\/blog\/wp-content\/uploads\/2022\/09\/lrp_lipikar_478x248_gammes2-1.png\" alt=\"\" class=\"wp-image-3734\" width=\"494\" height=\"257\" srcset=\"https:\/\/www.sanafarmacia.com\/blog\/wp-content\/uploads\/2022\/09\/lrp_lipikar_478x248_gammes2-1.png 478w, https:\/\/www.sanafarmacia.com\/blog\/wp-content\/uploads\/2022\/09\/lrp_lipikar_478x248_gammes2-1-300x156.png 300w\" sizes=\"(max-width: 494px) 100vw, 494px\" \/><\/a><figcaption>La Roche Posay Lipikar<\/figcaption><\/figure><\/div>\n<\/div>\n\n\n\n<div class=\"is-layout-flow wp-block-column\">\n<div class=\"wp-block-image\"><figure class=\"aligncenter size-full is-resized\"><a href=\"https:\/\/www.sanafarmacia.com\/avene-xeracalm-a-d-crema-400ml-3969?_gl=1*1f2iojr*_up*MQ..*_ga*MjA1NjU3NjQ5OS4xNjYzMTQ1NDY2*_ga_8WVC9N3KK6*MTY2MzE0NTQ2NS4xLjAuMTY2MzE0NTQ2NS4wLjAuMA..\"><img decoding=\"async\" loading=\"lazy\" src=\"https:\/\/www.sanafarmacia.com\/blog\/wp-content\/uploads\/2022\/09\/comprar-xeracalm-avene.png\" alt=\"\" class=\"wp-image-3732\" width=\"174\" height=\"269\"\/><\/a><figcaption>Av\u00e8ne XeraCalm<\/figcaption><\/figure><\/div>\n<\/div>\n<\/div>\n\n\n\n<p>Con motivo del<strong> D\u00eda Mundial de la Dermatitis At\u00f3pica<\/strong>, desde Sanafarmacia queremos facilitar el cuidado de la piel para aquellas personas que necesiten un tratamiento especial para su piel. Disfruta del<strong> <a href=\"https:\/\/www.sanafarmacia.com\/atopia_965?_gl=1*1it3qal*_up*MQ..*_ga*NTY3OTExNDIxLjE2NjMxNDIxNjU.*_ga_8WVC9N3KK6*MTY2MzE0MjE2NC4xLjAuMTY2MzE0MjE2NC4wLjAuMA..\" data-type=\"URL\" data-id=\"https:\/\/www.sanafarmacia.com\/atopia_965?_gl=1*1it3qal*_up*MQ..*_ga*NTY3OTExNDIxLjE2NjMxNDIxNjU.*_ga_8WVC9N3KK6*MTY2MzE0MjE2NC4xLjAuMTY2MzE0MjE2NC4wLjAuMA..\">25% de descuento <\/a><\/strong>durante esta semana. Del 14 al 21 de septiembre, podr\u00e1s hacerte con un tratamiento espec\u00edfico de las mejores marcas con un precio exclusivo, tanto en farmacia f\u00edsica con online. <\/p>\n\n\n\n<div class=\"wp-block-image\"><figure class=\"aligncenter size-large is-resized\"><a href=\"https:\/\/www.sanafarmacia.com\/atopia_965?_gl=1*1it3qal*_up*MQ..*_ga*NTY3OTExNDIxLjE2NjMxNDIxNjU.*_ga_8WVC9N3KK6*MTY2MzE0MjE2NC4xLjAuMTY2MzE0MjE2NC4wLjAuMA..\"><img decoding=\"async\" loading=\"lazy\" src=\"https:\/\/www.sanafarmacia.com\/blog\/wp-content\/uploads\/2022\/09\/1920x1080_dermatitis-1024x576.jpg\" alt=\"\" class=\"wp-image-3730\" width=\"742\" height=\"417\"\/><\/a><\/figure><\/div>\n","protected":false},"excerpt":{"rendered":"<p>La dermatitis at\u00f3pica es un trastorno hereditario y condicionado gen\u00e9ticamente que afecta a personas de todo el mundo, hasta a 1 de cada 5 ni\u00f1os. Es una enfermedad inflamatoria cr\u00f3nica que cursa con fases de brote y remisi\u00f3n. Los s\u00edntomas m\u00e1s comunes son sequedad en la piel, picor y eczema. No existe un tratamiento curativo [&hellip;]<\/p>\n","protected":false},"author":3,"featured_media":3737,"comment_status":"closed","ping_status":"closed","sticky":false,"template":"","format":"standard","meta":{"_et_pb_use_builder":"","_et_pb_old_content":"","_et_gb_content_width":""},"categories":[106,105],"tags":[413,414,28,128,51,13,122,30,19,170],"_links":{"self":[{"href":"https:\/\/www.sanafarmacia.com\/blog\/wp-json\/wp\/v2\/posts\/3729"}],"collection":[{"href":"https:\/\/www.sanafarmacia.com\/blog\/wp-json\/wp\/v2\/posts"}],"about":[{"href":"https:\/\/www.sanafarmacia.com\/blog\/wp-json\/wp\/v2\/types\/post"}],"author":[{"embeddable":true,"href":"https:\/\/www.sanafarmacia.com\/blog\/wp-json\/wp\/v2\/users\/3"}],"replies":[{"embeddable":true,"href":"https:\/\/www.sanafarmacia.com\/blog\/wp-json\/wp\/v2\/comments?post=3729"}],"version-history":[{"count":3,"href":"https:\/\/www.sanafarmacia.com\/blog\/wp-json\/wp\/v2\/posts\/3729\/revisions"}],"predecessor-version":[{"id":3746,"href":"https:\/\/www.sanafarmacia.com\/blog\/wp-json\/wp\/v2\/posts\/3729\/revisions\/3746"}],"wp:featuredmedia":[{"embeddable":true,"href":"https:\/\/www.sanafarmacia.com\/blog\/wp-json\/wp\/v2\/media\/3737"}],"wp:attachment":[{"href":"https:\/\/www.sanafarmacia.com\/blog\/wp-json\/wp\/v2\/media?parent=3729"}],"wp:term":[{"taxonomy":"category","embeddable":true,"href":"https:\/\/www.sanafarmacia.com\/blog\/wp-json\/wp\/v2\/categories?post=3729"},{"taxonomy":"post_tag","embeddable":true,"href":"https:\/\/www.sanafarmacia.com\/blog\/wp-json\/wp\/v2\/tags?post=3729"}],"curies":[{"name":"wp","href":"https:\/\/api.w.org\/{rel}","templated":true}]}}