{"id":3217,"date":"2021-11-15T18:26:47","date_gmt":"2021-11-15T17:26:47","guid":{"rendered":"https:\/\/www.sanafarmacia.com\/blog\/?p=3217"},"modified":"2021-11-15T18:43:47","modified_gmt":"2021-11-15T17:43:47","slug":"piel-seca-o-con-eczema-atopico-sorteo-rutina-anti-picor-lipikar","status":"publish","type":"post","link":"https:\/\/www.sanafarmacia.com\/blog\/piel-seca-o-con-eczema-atopico-sorteo-rutina-anti-picor-lipikar\/","title":{"rendered":"\u00bfPiel seca o con eczema at\u00f3pico? !Sorteo Rutina Anti-picor LIPIKAR!"},"content":{"rendered":"\n<p>Las bajas temperaturas y la humedad durante el invierno pueden ser factores que desencadenen la aparici\u00f3n de dermatitis at\u00f3pica y la sequedad en las pieles sensibles, que traen consigo el picor y la inflamaci\u00f3n de la piel. Adem\u00e1s, nuestros h\u00e1bitos de higiene pueden influir mucho en la salud de nuestra piel, por lo que es importante utilizar cuidados espec\u00edficos para nutrirla y protegerla.<\/p>\n\n\n\n<p>LIPIKAR es la gama de cuidado corporal especialmente indicada para casos de sequedad severa en la piel de beb\u00e9s, ni\u00f1os y adultos, piel sensible, muy seca, irritada y con picores que provocan el rascado, as\u00ed como piel con tendencia at\u00f3pica.<\/p>\n\n\n\n<p><a href=\"https:\/\/www.sanafarmacia.com\/lipikar-ap-balsamo-corporal-antipicor-400-ml-220\" data-type=\"URL\" data-id=\"https:\/\/www.sanafarmacia.com\/lipikar-ap-balsamo-corporal-antipicor-400-ml-220\">LIPIKAR AP+M BALSAMO CORPORAL ANTIPICOR 400 ML<\/a> reequilibra el Microbioma de la piel, calma inmediatamente el picor, nutre la piel seca y restaura la barrera cut\u00e1nea. Su eficacia anti-reaparici\u00f3n espacia los brotes de sequedad en pieles con tendencia al eczema at\u00f3pico o alergias. Para unos mejores resultados, usa <a href=\"https:\/\/www.sanafarmacia.com\/lipikar-syndet-anti-irritaciones-la-roche-posay-8297\" data-type=\"URL\" data-id=\"https:\/\/www.sanafarmacia.com\/lipikar-syndet-anti-irritaciones-la-roche-posay-8297\">LIPIKAR SYNDET ANTI-IRRITACIONES<\/a> o <a href=\"https:\/\/www.sanafarmacia.com\/lipikar-aceite-lavante-la-roche-posay-750-ml-8294\" data-type=\"URL\" data-id=\"https:\/\/www.sanafarmacia.com\/lipikar-aceite-lavante-la-roche-posay-750-ml-8294\">LIPIKAR ACEITE LAVANTE AP+<\/a> como limpiador de uso diario. <\/p>\n\n\n\n<div class=\"wp-block-image\"><figure class=\"aligncenter size-large is-resized\"><a href=\"https:\/\/www.sanafarmacia.com\/busqueda?controller=search&amp;s=lipikar\"><img decoding=\"async\" loading=\"lazy\" src=\"https:\/\/www.sanafarmacia.com\/blog\/wp-content\/uploads\/2021\/11\/Lipikar_baume-y-syndet--1024x1024.jpeg\" alt=\"\" class=\"wp-image-3226\" width=\"444\" height=\"444\"\/><\/a><\/figure><\/div>\n\n\n\n<p><a href=\"https:\/\/www.sanafarmacia.com\/lipikar-gel-de-ducha-750-ml-3409\" data-type=\"URL\" data-id=\"https:\/\/www.sanafarmacia.com\/lipikar-gel-de-ducha-750-ml-3409\">LIPIKAR GEL DE DUCHA 750 ML<\/a> limpia suavemente rostro y cuerpo, protege y alivia el picor en pieles secas y sensibles. Enriquecido con Niacinamida calmante y manteca de Karit\u00e9 reponedora de l\u00edpidos para nutrir la piel en la ducha. <\/p>\n\n\n\n<p>En esta ocasi\u00f3n, LIPIKAR quiere obsequiarte por confiar en su gama de productos para el cuidado de tu piel. <strong>\u00bfQuieres ganar tu Kit de Rutina Experta Anti-picor?<\/strong><\/p>\n\n\n\n<h2>\u00a1SORTEO LIPIKAR! PARTICIPA Y GANA TU KIT DE RUTINA ANTI-PICOR<\/h2>\n\n\n\n<p><strong>Participa entre el 15 de noviembre y el 15 de diciembre de 2021<\/strong>\u00a0siguiendo estos sencillos pasos:<\/p>\n\n\n\n<div class=\"wp-block-image\"><figure class=\"aligncenter size-large is-resized\"><a href=\"https:\/\/www.sanafarmacia.com\/busqueda?controller=search&amp;s=lipikar\"><img decoding=\"async\" loading=\"lazy\" src=\"https:\/\/www.sanafarmacia.com\/blog\/wp-content\/uploads\/2021\/11\/Sorteo_LIPIKAR_insta-1024x682.jpg\" alt=\"\" class=\"wp-image-3220\" width=\"586\" height=\"390\"\/><\/a><\/figure><\/div>\n\n\n\n<ol><li>Compra un producto de <strong><a href=\"https:\/\/www.sanafarmacia.com\/busqueda?controller=search&amp;s=lipikar\" data-type=\"URL\" data-id=\"https:\/\/www.sanafarmacia.com\/busqueda?controller=search&amp;s=lipikar\">LIPIKAR<\/a><\/strong>, en nuestra farmacia f\u00edsica u online.<\/li><li>Nuestros farmac\u00e9uticos recoger\u00e1n tus datos \u00fanicamente para el sorteo: nombre y apellidos, tel\u00e9fono y correo electr\u00f3nico.<\/li><li>Nos pondremos en contacto contigo en caso de ser premiado. Podr\u00e1s recoger tu Kit de Rutina Anti-picor en nuestra farmacia o te lo enviaremos a tu domicilio, sin coste alguno. <\/li><\/ol>\n\n\n\n<p>Si quieres saber m\u00e1s sobre el cuidado de piel sensible con tendencia at\u00f3pica no dudes en consultar a nuestro equipo de farmac\u00e9uticos en Sanafarmacia, \u00a1siempre cuidando de la salud de tu piel!  <\/p>\n","protected":false},"excerpt":{"rendered":"<p>Las bajas temperaturas y la humedad durante el invierno pueden ser factores que desencadenen la aparici\u00f3n de dermatitis at\u00f3pica y la sequedad en las pieles sensibles, que traen consigo el picor y la inflamaci\u00f3n de la piel. Adem\u00e1s, nuestros h\u00e1bitos de higiene pueden influir mucho en la salud de nuestra piel, por lo que es [&hellip;]<\/p>\n","protected":false},"author":3,"featured_media":3220,"comment_status":"closed","ping_status":"closed","sticky":false,"template":"","format":"standard","meta":{"_et_pb_use_builder":"","_et_pb_old_content":"","_et_gb_content_width":""},"categories":[106,105],"tags":[279,51,257,122,30,278,280],"_links":{"self":[{"href":"https:\/\/www.sanafarmacia.com\/blog\/wp-json\/wp\/v2\/posts\/3217"}],"collection":[{"href":"https:\/\/www.sanafarmacia.com\/blog\/wp-json\/wp\/v2\/posts"}],"about":[{"href":"https:\/\/www.sanafarmacia.com\/blog\/wp-json\/wp\/v2\/types\/post"}],"author":[{"embeddable":true,"href":"https:\/\/www.sanafarmacia.com\/blog\/wp-json\/wp\/v2\/users\/3"}],"replies":[{"embeddable":true,"href":"https:\/\/www.sanafarmacia.com\/blog\/wp-json\/wp\/v2\/comments?post=3217"}],"version-history":[{"count":3,"href":"https:\/\/www.sanafarmacia.com\/blog\/wp-json\/wp\/v2\/posts\/3217\/revisions"}],"predecessor-version":[{"id":3230,"href":"https:\/\/www.sanafarmacia.com\/blog\/wp-json\/wp\/v2\/posts\/3217\/revisions\/3230"}],"wp:featuredmedia":[{"embeddable":true,"href":"https:\/\/www.sanafarmacia.com\/blog\/wp-json\/wp\/v2\/media\/3220"}],"wp:attachment":[{"href":"https:\/\/www.sanafarmacia.com\/blog\/wp-json\/wp\/v2\/media?parent=3217"}],"wp:term":[{"taxonomy":"category","embeddable":true,"href":"https:\/\/www.sanafarmacia.com\/blog\/wp-json\/wp\/v2\/categories?post=3217"},{"taxonomy":"post_tag","embeddable":true,"href":"https:\/\/www.sanafarmacia.com\/blog\/wp-json\/wp\/v2\/tags?post=3217"}],"curies":[{"name":"wp","href":"https:\/\/api.w.org\/{rel}","templated":true}]}}