{"id":3068,"date":"2021-10-19T17:23:06","date_gmt":"2021-10-19T15:23:06","guid":{"rendered":"https:\/\/www.sanafarmacia.com\/blog\/?p=3068"},"modified":"2021-10-20T11:43:52","modified_gmt":"2021-10-20T09:43:52","slug":"19-octubre-dia-mundial-cancer-de-mama","status":"publish","type":"post","link":"https:\/\/www.sanafarmacia.com\/blog\/19-octubre-dia-mundial-cancer-de-mama\/","title":{"rendered":"Saca pecho por las m\u00e1s vulnerables: D\u00eda Mundial Contra el C\u00e1ncer de Mama"},"content":{"rendered":"\n<p>El d\u00eda 19 de octubre tiene lugar el D\u00eda Mundial Contra el C\u00e1ncer de Mama y, como cada a\u00f1o, desde Sanafarmacia hemos querido colaborar con la Asociaci\u00f3n Espa\u00f1ola Contra el C\u00e1ncer (AECC) en su campa\u00f1a \u201cSaca pecho\u201d, con la que quiere visibilizar la enfermedad y mostrar el apoyo a aquellas mujeres que la padecen, as\u00ed como pedir ayuda a la sociedad y participaci\u00f3n con la donaci\u00f3n al comprar art\u00edculos solidarios, cuya recaudaci\u00f3n se destinar\u00e1 a programas de atenci\u00f3n psicol\u00f3gica y social para las pacientes y sus familias, sin olvidar el fomento de la investigaci\u00f3n en el c\u00e1ncer de mama. En Sanafarmacia podr\u00e1s encontrar estos productos solidarios durante toda la semana, desde el pasado viernes 15 hasta el pr\u00f3ximo lunes 25, as\u00ed como informaci\u00f3n de la mano de nuestro equipo. <\/p>\n\n\n\n<p>Adem\u00e1s, en esta ocasi\u00f3n os dejamos algunos consejos sobre c\u00f3mo autoexplorarse los pechos y las axilas, como medio esencial para detectar cualquier alarma.<\/p>\n\n\n\n<figure class=\"wp-block-image size-full\"><a href=\"https:\/\/www.sanafarmacia.com\/blog\/wp-content\/uploads\/2021\/10\/autoexploracion_mama_.jpg\" target=\"_blank\" rel=\"noopener\"><img decoding=\"async\" loading=\"lazy\" width=\"1038\" height=\"1500\" src=\"https:\/\/www.sanafarmacia.com\/blog\/wp-content\/uploads\/2021\/10\/autoexploracion_mama_.jpg\" alt=\"\" class=\"wp-image-3069\" srcset=\"https:\/\/www.sanafarmacia.com\/blog\/wp-content\/uploads\/2021\/10\/autoexploracion_mama_.jpg 1038w, https:\/\/www.sanafarmacia.com\/blog\/wp-content\/uploads\/2021\/10\/autoexploracion_mama_-980x1416.jpg 980w, https:\/\/www.sanafarmacia.com\/blog\/wp-content\/uploads\/2021\/10\/autoexploracion_mama_-480x694.jpg 480w\" sizes=\"(min-width: 0px) and (max-width: 480px) 480px, (min-width: 481px) and (max-width: 980px) 980px, (min-width: 981px) 1038px, 100vw\" \/><\/a><\/figure>\n","protected":false},"excerpt":{"rendered":"<p>El d\u00eda 19 de octubre tiene lugar el D\u00eda Mundial Contra el C\u00e1ncer de Mama y, como cada a\u00f1o, desde Sanafarmacia hemos querido colaborar con la Asociaci\u00f3n Espa\u00f1ola Contra el C\u00e1ncer (AECC) en su campa\u00f1a \u201cSaca pecho\u201d, con la que quiere visibilizar la enfermedad y mostrar el apoyo a aquellas mujeres que la padecen, as\u00ed [&hellip;]<\/p>\n","protected":false},"author":2,"featured_media":3073,"comment_status":"closed","ping_status":"closed","sticky":false,"template":"","format":"standard","meta":{"_et_pb_use_builder":"","_et_pb_old_content":"","_et_gb_content_width":""},"categories":[107,105],"tags":[254,252,253,251],"_links":{"self":[{"href":"https:\/\/www.sanafarmacia.com\/blog\/wp-json\/wp\/v2\/posts\/3068"}],"collection":[{"href":"https:\/\/www.sanafarmacia.com\/blog\/wp-json\/wp\/v2\/posts"}],"about":[{"href":"https:\/\/www.sanafarmacia.com\/blog\/wp-json\/wp\/v2\/types\/post"}],"author":[{"embeddable":true,"href":"https:\/\/www.sanafarmacia.com\/blog\/wp-json\/wp\/v2\/users\/2"}],"replies":[{"embeddable":true,"href":"https:\/\/www.sanafarmacia.com\/blog\/wp-json\/wp\/v2\/comments?post=3068"}],"version-history":[{"count":3,"href":"https:\/\/www.sanafarmacia.com\/blog\/wp-json\/wp\/v2\/posts\/3068\/revisions"}],"predecessor-version":[{"id":3076,"href":"https:\/\/www.sanafarmacia.com\/blog\/wp-json\/wp\/v2\/posts\/3068\/revisions\/3076"}],"wp:featuredmedia":[{"embeddable":true,"href":"https:\/\/www.sanafarmacia.com\/blog\/wp-json\/wp\/v2\/media\/3073"}],"wp:attachment":[{"href":"https:\/\/www.sanafarmacia.com\/blog\/wp-json\/wp\/v2\/media?parent=3068"}],"wp:term":[{"taxonomy":"category","embeddable":true,"href":"https:\/\/www.sanafarmacia.com\/blog\/wp-json\/wp\/v2\/categories?post=3068"},{"taxonomy":"post_tag","embeddable":true,"href":"https:\/\/www.sanafarmacia.com\/blog\/wp-json\/wp\/v2\/tags?post=3068"}],"curies":[{"name":"wp","href":"https:\/\/api.w.org\/{rel}","templated":true}]}}