{"id":3013,"date":"2021-09-29T17:05:22","date_gmt":"2021-09-29T15:05:22","guid":{"rendered":"https:\/\/www.sanafarmacia.com\/blog\/?p=3013"},"modified":"2021-10-20T11:47:35","modified_gmt":"2021-10-20T09:47:35","slug":"dia-mundial-del-corazon-prestemos-atencion-a-nuestra-salud-cardiovascular","status":"publish","type":"post","link":"https:\/\/www.sanafarmacia.com\/blog\/dia-mundial-del-corazon-prestemos-atencion-a-nuestra-salud-cardiovascular\/","title":{"rendered":"D\u00eda Mundial del Coraz\u00f3n: prestemos atenci\u00f3n a nuestra salud cardiovascular"},"content":{"rendered":"\n<p>Durante la pandemia de la COVID-19 se ha apreciado un significativo deterioro generalizado del bienestar psicol\u00f3gico, emocional y f\u00edsico, con un importante aumento de las tasas de enfermedades cardiovasculares, aumentando el riesgo de complicaciones en aquellas personas que ya las padec\u00edan, por lo que hemos tenido que extremar las precauciones para evitar el contagio y sus consecuencias. &nbsp;Por su parte, las enfermedades cardiovasculares son la primera causa de muerte en el mundo, cerca de 18.6 millones de muertes anuales, con los infartos de miocardio y los accidentes cerebro vasculares entre las m\u00e1s comunes, siendo en gran medida evitables con una alimentaci\u00f3n saludable, baja en sal, acompa\u00f1ada de ejercicio f\u00edsico y evitando el consumo de sustancias nocivas como el tabaco.<\/p>\n\n\n\n<p>Hipertensi\u00f3n, diabetes, colesterol elevado, tabaquismo y obesidad son factores de riesgo que aumentan la posibilidad de sufrir enfermedades cardiovasculares. En algunos casos, la diabetes o el colesterol elevado son problemas de salud que al no producir s\u00edntomas pueden permanecer sin ser detectados, por lo que el primer paso para prevenir la enfermedad cardiovascular es conocer si tienes diabetes o colesterol elevado e intervenir para evitar sus complicaciones.<\/p>\n\n\n\n<p>Los niveles elevados de colesterol y triglic\u00e9ridos son uno de los principales factores de riesgo para sufrir un episodio o enfermedad cardiovascular como insuficientica cardiaca, angina de pecho, ictus\u2026 La diabetes adem\u00e1s puede producir graves complicaciones como retinopat\u00eda que puede desembocar en ceguera o nefropat\u00edas (enfermedades del ri\u00f1\u00f3n). Si controlas tus valores de forma peri\u00f3dica podr\u00e1s prevenir todas estas enfermedades.<\/p>\n\n\n\n<p>En Sanafarmacia te ayudamos a medir estos valores con el m\u00e9todo Rapid Control y la tecnolog\u00eda Cobas. Mediante una gota de sangre del dedo y en solo 15 minutos, obtenemos los resultados, y te ofrecemos pautas para mantenerlos en los valores adecuados.<\/p>\n\n\n\n<p>Con motivo del D\u00eda Mundial del Coraz\u00f3n, te animamos a cuidar el \u00f3rgano encargado de enviar la sangre a todo el cuerpo, pues conocer los riesgos y c\u00f3mo prevenirlos es imprescindible para comprometernos con nuestra salud. Pide tu cita llamando al 954 184 228 y nuestro equipo especializado en salud cardiovascular te atender\u00e1 personalmente.<\/p>\n\n\n\n<div class=\"is-layout-flex wp-container-3 wp-block-columns\">\n<div class=\"is-layout-flow wp-block-column\">\n<div class=\"wp-block-image\"><figure class=\"aligncenter size-large\"><a href=\"https:\/\/www.sanafarmacia.com\/blog\/wp-content\/uploads\/2021\/09\/Flyer-A5-Dia-Mundial-del-Corazon-1.jpg\" target=\"_blank\" rel=\"noopener\"><img decoding=\"async\" loading=\"lazy\" width=\"736\" height=\"1024\" src=\"https:\/\/www.sanafarmacia.com\/blog\/wp-content\/uploads\/2021\/09\/Flyer-A5-Dia-Mundial-del-Corazon-1-736x1024.jpg\" alt=\"\" class=\"wp-image-3014\"\/><\/a><\/figure><\/div>\n<\/div>\n\n\n\n<div class=\"is-layout-flow wp-block-column\">\n<div class=\"wp-block-image\"><figure class=\"aligncenter size-large\"><a href=\"https:\/\/www.sanafarmacia.com\/blog\/wp-content\/uploads\/2021\/09\/Flyer-A5-Dia-Mundial-del-Corazon-2.jpg\" target=\"_blank\" rel=\"noopener\"><img decoding=\"async\" loading=\"lazy\" width=\"740\" height=\"1024\" src=\"https:\/\/www.sanafarmacia.com\/blog\/wp-content\/uploads\/2021\/09\/Flyer-A5-Dia-Mundial-del-Corazon-2-740x1024.jpg\" alt=\"\" class=\"wp-image-3015\"\/><\/a><\/figure><\/div>\n<\/div>\n<\/div>\n","protected":false},"excerpt":{"rendered":"<p>Durante la pandemia de la COVID-19 se ha apreciado un significativo deterioro generalizado del bienestar psicol\u00f3gico, emocional y f\u00edsico, con un importante aumento de las tasas de enfermedades cardiovasculares, aumentando el riesgo de complicaciones en aquellas personas que ya las padec\u00edan, por lo que hemos tenido que extremar las precauciones para evitar el contagio y [&hellip;]<\/p>\n","protected":false},"author":2,"featured_media":3016,"comment_status":"closed","ping_status":"closed","sticky":false,"template":"","format":"standard","meta":{"_et_pb_use_builder":"","_et_pb_old_content":"","_et_gb_content_width":""},"categories":[107,105,177],"tags":[227,91,224,225,226],"_links":{"self":[{"href":"https:\/\/www.sanafarmacia.com\/blog\/wp-json\/wp\/v2\/posts\/3013"}],"collection":[{"href":"https:\/\/www.sanafarmacia.com\/blog\/wp-json\/wp\/v2\/posts"}],"about":[{"href":"https:\/\/www.sanafarmacia.com\/blog\/wp-json\/wp\/v2\/types\/post"}],"author":[{"embeddable":true,"href":"https:\/\/www.sanafarmacia.com\/blog\/wp-json\/wp\/v2\/users\/2"}],"replies":[{"embeddable":true,"href":"https:\/\/www.sanafarmacia.com\/blog\/wp-json\/wp\/v2\/comments?post=3013"}],"version-history":[{"count":3,"href":"https:\/\/www.sanafarmacia.com\/blog\/wp-json\/wp\/v2\/posts\/3013\/revisions"}],"predecessor-version":[{"id":3719,"href":"https:\/\/www.sanafarmacia.com\/blog\/wp-json\/wp\/v2\/posts\/3013\/revisions\/3719"}],"wp:featuredmedia":[{"embeddable":true,"href":"https:\/\/www.sanafarmacia.com\/blog\/wp-json\/wp\/v2\/media\/3016"}],"wp:attachment":[{"href":"https:\/\/www.sanafarmacia.com\/blog\/wp-json\/wp\/v2\/media?parent=3013"}],"wp:term":[{"taxonomy":"category","embeddable":true,"href":"https:\/\/www.sanafarmacia.com\/blog\/wp-json\/wp\/v2\/categories?post=3013"},{"taxonomy":"post_tag","embeddable":true,"href":"https:\/\/www.sanafarmacia.com\/blog\/wp-json\/wp\/v2\/tags?post=3013"}],"curies":[{"name":"wp","href":"https:\/\/api.w.org\/{rel}","templated":true}]}}