{"id":2893,"date":"2021-09-21T12:26:10","date_gmt":"2021-09-21T10:26:10","guid":{"rendered":"https:\/\/www.sanafarmacia.com\/blog\/?p=2893"},"modified":"2021-09-23T12:17:11","modified_gmt":"2021-09-23T10:17:11","slug":"dia-mundial-del-alzheimer-como-cuidarnos-y-cuidar-a-una-persona-con-alzheimer","status":"publish","type":"post","link":"https:\/\/www.sanafarmacia.com\/blog\/dia-mundial-del-alzheimer-como-cuidarnos-y-cuidar-a-una-persona-con-alzheimer\/","title":{"rendered":"D\u00eda Mundial del Alzheimer: \u00bfC\u00f3mo cuidarnos y cuidar a una persona con Alzheimer?"},"content":{"rendered":"\n<p>El d\u00eda 21 de septiembre conmemoramos el D\u00eda Mundial del Alzheimer con el fin de concienciar a la poblaci\u00f3n de c\u00f3mo afecta la enfermedad, tanto a pacientes como a familiares y cuidadores.<\/p>\n\n\n\n<p>El Alzheimer es una enfermedad mental que provoca una degeneraci\u00f3n en las c\u00e9lulas nerviosas del cerebro a una velocidad m\u00e1s r\u00e1pida de lo habitual que disminuye la masa cerebral, provocando el deterioro cognitivo que se manifiesta en la p\u00e9rdida del sentido de la orientaci\u00f3n, lenguaje, dificultades para recordar y resolver problemas sencillos del d\u00eda a d\u00eda. A d\u00eda de hoy, no se conoce una cura para el Alzheimer, no existen tratamientos para prevenirla ni frenarla, aunque, en las primeras fases de la enfermedad, existen determinados medicamentos que ayudan con algunos s\u00edntomas. Pueden realizarse rutinas y actividades para retrasar el deterioro de los pacientes y mejorar su calidad de vida. A medida que los pacientes van avanzando en su enfermedad se van volviendo m\u00e1s dependientes, por lo que son necesarios los cuidados constantes.<\/p>\n\n\n\n<p>El Alzheimer afecta a 1,2 millones de personas en el Espa\u00f1a, de los que una gran mayor\u00eda son cuidados por familiares que los necesitan muchas horas al d\u00eda, todos los d\u00edas de la semana. Por tanto, <strong>el cuidador ha de cuidar tambi\u00e9n de su propia salud<\/strong>, atendiendo sus necesidades f\u00edsicas, sociales y emocionales para prevenir problemas de salud como ansiedad, depresi\u00f3n, trastornos del sue\u00f1o, dolores musculares o de cabeza. Encontrarse bien f\u00edsicamente le ayudar\u00e1 a afrontar las situaciones complicadas y la p\u00e9rdida de autonom\u00eda que progresivamente experimentar\u00e1 la persona afectada.<\/p>\n\n\n\n<div class=\"wp-block-image\"><figure class=\"aligncenter size-full\"><img decoding=\"async\" loading=\"lazy\" width=\"1024\" height=\"512\" src=\"https:\/\/www.sanafarmacia.com\/blog\/wp-content\/uploads\/2021\/09\/alzheimer-dia-mundial-kPkF-1024x512@abc.jpg\" alt=\"alzheimer\" class=\"wp-image-2895\" srcset=\"https:\/\/www.sanafarmacia.com\/blog\/wp-content\/uploads\/2021\/09\/alzheimer-dia-mundial-kPkF-1024x512@abc.jpg 1024w, https:\/\/www.sanafarmacia.com\/blog\/wp-content\/uploads\/2021\/09\/alzheimer-dia-mundial-kPkF-1024x512@abc-980x490.jpg 980w, https:\/\/www.sanafarmacia.com\/blog\/wp-content\/uploads\/2021\/09\/alzheimer-dia-mundial-kPkF-1024x512@abc-480x240.jpg 480w\" sizes=\"(min-width: 0px) and (max-width: 480px) 480px, (min-width: 481px) and (max-width: 980px) 980px, (min-width: 981px) 1024px, 100vw\" \/><\/figure><\/div>\n\n\n\n<p>La mayor\u00eda de los casos de Alzheimer son de aparici\u00f3n tard\u00eda, generalmente a partir de los 65 a\u00f1os. No se muestran evidencias hereditarias, aunque puede darse alg\u00fan caso. No obstante, los factores gen\u00e9ticos pueden influir en la forma en que se desarrolla la enfermedad, sumados a otros factores de riesgo. Algunos <strong>h\u00e1bitos saludables<\/strong> a seguir para reducir la presencia del Alzheimer son:<\/p>\n\n\n\n<ul><li>Mantener una dieta equilibrada, reduciendo el consumo de grasas saturadas y consumiendo alimentos ricos en vitamina E y B12, evitando multivitam\u00ednicos con hierro y cobre, a no ser que sean indicados por el m\u00e9dico.<\/li><li>Mantenerse activo f\u00edsica y mentalmente.<\/li><\/ul>\n\n\n\n<p>Con motivo del D\u00eda Mundial del Alzheimer, se plantean ciertos objetivos para prosperar en el tratamiento de la enfermedad:<\/p>\n\n\n\n<ul><li>Conocer las necesidades de los enfermos para ofrecer terapias apropiadas a la estimulaci\u00f3n de la memoria y ejercicios mentales, identificando las dificultades para definir un marco de apoyo efectivo y eficaz.<\/li><li>Ofrecer apoyo psicol\u00f3gico y formaci\u00f3n a familiares y cuidadores.<\/li><li>Investigar sobre el Alzheimer y sus tratamientos, as\u00ed como desarrollar campa\u00f1as de prevenci\u00f3n de la enfermedad en las que se trabajan en factores de riesgo evitables.<\/li><\/ul>\n\n\n\n<p>Si necesitas ayuda para proporcionar los cuidados de una persona con Alzheimer busca a profesionales y asociaciones que trabajan en la enfermedad y en c\u00f3mo convivir con ella. Tambi\u00e9n, tender nuestra mano a personas que se dedican al cuidado de estos enfermos siempre ser\u00e1 importante. En Sanafarmacia quedamos a tu disposici\u00f3n para conocer tu caso y ayudarte con consejos m\u00e1s espec\u00edficos, siempre con el fin de cuidar de tu salud.<\/p>\n","protected":false},"excerpt":{"rendered":"<p>El d\u00eda 21 de septiembre conmemoramos el D\u00eda Mundial del Alzheimer con el fin de concienciar a la poblaci\u00f3n de c\u00f3mo afecta la enfermedad, tanto a pacientes como a familiares y cuidadores. El Alzheimer es una enfermedad mental que provoca una degeneraci\u00f3n en las c\u00e9lulas nerviosas del cerebro a una velocidad m\u00e1s r\u00e1pida de lo [&hellip;]<\/p>\n","protected":false},"author":2,"featured_media":2987,"comment_status":"closed","ping_status":"closed","sticky":false,"template":"","format":"standard","meta":{"_et_pb_use_builder":"","_et_pb_old_content":"","_et_gb_content_width":""},"categories":[107,105],"tags":[214],"_links":{"self":[{"href":"https:\/\/www.sanafarmacia.com\/blog\/wp-json\/wp\/v2\/posts\/2893"}],"collection":[{"href":"https:\/\/www.sanafarmacia.com\/blog\/wp-json\/wp\/v2\/posts"}],"about":[{"href":"https:\/\/www.sanafarmacia.com\/blog\/wp-json\/wp\/v2\/types\/post"}],"author":[{"embeddable":true,"href":"https:\/\/www.sanafarmacia.com\/blog\/wp-json\/wp\/v2\/users\/2"}],"replies":[{"embeddable":true,"href":"https:\/\/www.sanafarmacia.com\/blog\/wp-json\/wp\/v2\/comments?post=2893"}],"version-history":[{"count":2,"href":"https:\/\/www.sanafarmacia.com\/blog\/wp-json\/wp\/v2\/posts\/2893\/revisions"}],"predecessor-version":[{"id":3742,"href":"https:\/\/www.sanafarmacia.com\/blog\/wp-json\/wp\/v2\/posts\/2893\/revisions\/3742"}],"wp:featuredmedia":[{"embeddable":true,"href":"https:\/\/www.sanafarmacia.com\/blog\/wp-json\/wp\/v2\/media\/2987"}],"wp:attachment":[{"href":"https:\/\/www.sanafarmacia.com\/blog\/wp-json\/wp\/v2\/media?parent=2893"}],"wp:term":[{"taxonomy":"category","embeddable":true,"href":"https:\/\/www.sanafarmacia.com\/blog\/wp-json\/wp\/v2\/categories?post=2893"},{"taxonomy":"post_tag","embeddable":true,"href":"https:\/\/www.sanafarmacia.com\/blog\/wp-json\/wp\/v2\/tags?post=2893"}],"curies":[{"name":"wp","href":"https:\/\/api.w.org\/{rel}","templated":true}]}}