{"id":2553,"date":"2021-07-30T10:36:00","date_gmt":"2021-07-30T08:36:00","guid":{"rendered":"https:\/\/www.sanafarmacia.com\/blog\/?p=2553"},"modified":"2021-08-02T10:58:01","modified_gmt":"2021-08-02T08:58:01","slug":"test-de-autodiagnostico-de-covid-19-disponible-en-sanafarmacia","status":"publish","type":"post","link":"https:\/\/www.sanafarmacia.com\/blog\/test-de-autodiagnostico-de-covid-19-disponible-en-sanafarmacia\/","title":{"rendered":"Test de autodiagn\u00f3stico de COVID-19 disponible en Sanafarmacia"},"content":{"rendered":"\n<p>Una vez aprobado el Real Decreto por parte del Consejo General y tras la entrada en vigor del mismo el pasado 20 de julio, las farmacias podemos dispensar el test de autodiagn\u00f3stico para COVID-19, sin necesidad de receta. Es as\u00ed como los farmac\u00e9uticos comunitarios comenzamos a reforzar la capacidad de detecci\u00f3n precoz como parte del sistema sanitario, mediante la dispensaci\u00f3n a los ciudadanos de estos test.<\/p>\n\n\n\n<p>Una vez m\u00e1s, reiteramos la predisposici\u00f3n de los farmac\u00e9uticos a trabajar en el desarrollo de protocolos conjuntos y sistemas de informaci\u00f3n que permitan la recogida y explotaci\u00f3n de los datos junto a los obtenidos por otras estructuras y profesionales del sistema. El farmac\u00e9utico, como profesional sanitario y agente de salud, debe proporcionar informaci\u00f3n b\u00e1sica y pr\u00e1ctica en el momento de la dispensaci\u00f3n sobre la realizaci\u00f3n y el significado de la prueba.<\/p>\n\n\n\n<p>Los test de autodiagn\u00f3stico no se usan para el diagn\u00f3stico de confirmaci\u00f3n de infecci\u00f3n activa de coronavirus, ni en personas con s\u00edntomas ni en asintom\u00e1ticos. Ninguna prueba de diagn\u00f3stico r\u00e1pido o de autodiagn\u00f3stico nos concede una fiabilidad del 100%, por lo que ha de contemplarse la posibilidad de obtener resultados falsos positivos y falsos negativos, pues el rendimiento de la prueba de autodiagn\u00f3stico depende del tipo de muestra, as\u00ed como la correcta toma de la misma, y de la adecuada ejecuci\u00f3n del procedimiento, siguiendo siempre las instrucciones del fabricante del test que llevemos a cabo. En las instrucciones de uso de estas pruebas se indica que deben realizarse durante los 7 primeros d\u00edas desde la infecci\u00f3n o en los 5 primeros d\u00edas desde la aparici\u00f3n de s\u00edntomas, cuando la carga viral est\u00e1 en su punto m\u00e1s \u00e1lgido.<\/p>\n\n\n\n<figure class=\"wp-block-image size-large\"><img decoding=\"async\" loading=\"lazy\" width=\"770\" height=\"420\" src=\"https:\/\/www.sanafarmacia.com\/blog\/wp-content\/uploads\/2021\/07\/test-autodiagnostico-covid-19.jpeg\" alt=\"\" class=\"wp-image-2569\" srcset=\"https:\/\/www.sanafarmacia.com\/blog\/wp-content\/uploads\/2021\/07\/test-autodiagnostico-covid-19.jpeg 770w, https:\/\/www.sanafarmacia.com\/blog\/wp-content\/uploads\/2021\/07\/test-autodiagnostico-covid-19-480x262.jpeg 480w\" sizes=\"(min-width: 0px) and (max-width: 480px) 480px, (min-width: 481px) 770px, 100vw\" \/><\/figure>\n\n\n\n<p>Los resultados <strong>positivos<\/strong> en la prueba de autodiagn\u00f3stico se considerar\u00e1n casos sospechosos. Un resultado positivo debe interpretarse como \u201csospecha de infecci\u00f3n activa\u201d, y necesitar\u00e1 confirmaci\u00f3n, por lo que se debe comenzar el aislamiento domiciliario y contactar, a trav\u00e9s de los canales establecidos por la Comunidad Aut\u00f3noma, para confirmar mediante una prueba diagn\u00f3stica de infecci\u00f3n activa, una PCR de COVID-19. Por otra parte, un resultado <strong>negativo<\/strong> no excluye la infecci\u00f3n ni exime del cumplimiento de las medidas de control, de acuerdo a las recomendaciones de Salud P\u00fablica.<\/p>\n\n\n\n<p>El equipo de Sanafarmacia, ante el avance que supone para la detecci\u00f3n de infecci\u00f3n de COVID-19 poner las pruebas de autodiagn\u00f3stico a la disposici\u00f3n de la poblaci\u00f3n a trav\u00e9s de las farmacias, nos ponemos a tu disposici\u00f3n para orientarte en el correcto procedimiento, as\u00ed como ayudarte con tus consultas respecto a la enfermedad.<\/p>\n","protected":false},"excerpt":{"rendered":"<p>Una vez aprobado el Real Decreto por parte del Consejo General y tras la entrada en vigor del mismo el pasado 20 de julio, las farmacias podemos dispensar el test de autodiagn\u00f3stico para COVID-19, sin necesidad de receta. Es as\u00ed como los farmac\u00e9uticos comunitarios comenzamos a reforzar la capacidad de detecci\u00f3n precoz como parte del [&hellip;]<\/p>\n","protected":false},"author":2,"featured_media":2605,"comment_status":"closed","ping_status":"closed","sticky":false,"template":"","format":"standard","meta":{"_et_pb_use_builder":"","_et_pb_old_content":"","_et_gb_content_width":""},"categories":[107,105],"tags":[82,110],"_links":{"self":[{"href":"https:\/\/www.sanafarmacia.com\/blog\/wp-json\/wp\/v2\/posts\/2553"}],"collection":[{"href":"https:\/\/www.sanafarmacia.com\/blog\/wp-json\/wp\/v2\/posts"}],"about":[{"href":"https:\/\/www.sanafarmacia.com\/blog\/wp-json\/wp\/v2\/types\/post"}],"author":[{"embeddable":true,"href":"https:\/\/www.sanafarmacia.com\/blog\/wp-json\/wp\/v2\/users\/2"}],"replies":[{"embeddable":true,"href":"https:\/\/www.sanafarmacia.com\/blog\/wp-json\/wp\/v2\/comments?post=2553"}],"version-history":[{"count":2,"href":"https:\/\/www.sanafarmacia.com\/blog\/wp-json\/wp\/v2\/posts\/2553\/revisions"}],"predecessor-version":[{"id":2571,"href":"https:\/\/www.sanafarmacia.com\/blog\/wp-json\/wp\/v2\/posts\/2553\/revisions\/2571"}],"wp:featuredmedia":[{"embeddable":true,"href":"https:\/\/www.sanafarmacia.com\/blog\/wp-json\/wp\/v2\/media\/2605"}],"wp:attachment":[{"href":"https:\/\/www.sanafarmacia.com\/blog\/wp-json\/wp\/v2\/media?parent=2553"}],"wp:term":[{"taxonomy":"category","embeddable":true,"href":"https:\/\/www.sanafarmacia.com\/blog\/wp-json\/wp\/v2\/categories?post=2553"},{"taxonomy":"post_tag","embeddable":true,"href":"https:\/\/www.sanafarmacia.com\/blog\/wp-json\/wp\/v2\/tags?post=2553"}],"curies":[{"name":"wp","href":"https:\/\/api.w.org\/{rel}","templated":true}]}}