{"id":2300,"date":"2021-04-09T12:37:57","date_gmt":"2021-04-09T10:37:57","guid":{"rendered":"https:\/\/www.sanafarmacia.com\/blog\/?p=2300"},"modified":"2021-07-13T09:02:44","modified_gmt":"2021-07-13T07:02:44","slug":"en-lucha-contra-el-parkinson","status":"publish","type":"post","link":"https:\/\/www.sanafarmacia.com\/blog\/en-lucha-contra-el-parkinson\/","title":{"rendered":"En lucha contra el Parkinson"},"content":{"rendered":"\n<p>El pr\u00f3ximo domingo, 11 de abril, celebramos el <strong>D\u00eda Mundial del Parkinson<\/strong>, efem\u00e9ride que, adem\u00e1s de ser una conmemoraci\u00f3n del aniversario de James Parkinson, doctor brit\u00e1nico que diagnostic\u00f3 por primera vez la enfermedad, es un d\u00eda en el calendario que busca concienciar y sensibilizar mundialmente a la sociedad sobre su impacto, adem\u00e1s de dar visibilidad a c\u00f3mo afecta en la vida cotidiana de las personas que la sufren.<\/p>\n\n\n\n<p>ElParkinson es una enfermedad neurodegenerativa, cr\u00f3nica e invalidante, caracterizada por diversas sintomatolog\u00edas. El <strong>temblor<\/strong> es uno de los padecimientos motores, y tambi\u00e9n el m\u00e1s conocido. Sin embargo, va asociado a otros s\u00edntomas que, en muchas ocasiones, son incluso m\u00e1s graves. Entre estos destacan los <strong>problemas del sue\u00f1o<\/strong>, la <strong>depresi\u00f3n<\/strong>, los<strong> trastornos de control de impulsos<\/strong> o los <strong>problemas cognitivos<\/strong>, entre otros.<\/p>\n\n\n\n<p>La enfermedad de Parkinson puede generar tambi\u00e9n problemas de comunicaci\u00f3n, como <strong>alteraciones del habla<\/strong>, <strong>rigidez facial<\/strong> <strong>o alteraciones de la escritura<\/strong>.<\/p>\n\n\n\n<p>Seg\u00fan la Organizaci\u00f3n Mundial de la Salud (OMS) el Parkinson es una enfermedad <strong>afecta a 1 de cada 100&nbsp;personas&nbsp;mayores de 60 a\u00f1os<\/strong> y, actualmente<strong>, a unos 7 millones de&nbsp;personas en el mundo<\/strong>. Adem\u00e1s, la OMS prev\u00e9 que <strong>para el 2030 llegar\u00e1n a ser m\u00e1s de 12 millones<\/strong>. En Espa\u00f1a, seg\u00fan datos de la Sociedad Espa\u00f1ola de Neurolog\u00eda, la padecen <strong>entre 120.000 y 150.000 personas, y cada a\u00f1o se diagnostican alrededor de 10.000 nuevos casos.<\/strong><strong><\/strong><\/p>\n\n\n\n<p>Las enfermedades neurol\u00f3gicas son, actualmente, las principales causas de discapacidad, y entre estas, <strong>el Parkinson es la enfermedad con mayor \u00edndice de crecimiento, <\/strong>ya que su incidencia aumenta con la edad, aunque los h\u00e1bitos de consumo, junto con el aumento de la longevidad, tambi\u00e9n influyen en esta proliferaci\u00f3n.<\/p>\n\n\n\n<p>En los pacientes con Parkinson se verifica una insuficiencia en el funcionamiento de las neuronas que, por causas desconocidas, no producen cantidades suficientes de <strong>dopamina<\/strong>, un neurotransmisor esencial en las funciones motoras del cuerpo humano.&nbsp;<\/p>\n\n\n\n<p>No existe un m\u00e9todo espec\u00edfico para indicar la presencia de la enfermedad, y la determinaci\u00f3n diagn\u00f3stica se basa en la observaci\u00f3n de un conjunto de s\u00edntomas, muchos de los cuales son imprecisos y se dan antes de que aparezcan las dificultades motoras. Por tanto, de la misma manera y puesto que el inicio y el avance de la enfermedad son graduales y diferentes en cada paciente, el tratamiento debe ser personalizado.&nbsp;<\/p>\n\n\n\n<p>No obstante, se conocen algunos factores que pueden aumentar la probabilidad de padecerla, entre los que se encuentran una cierta <strong>susceptibilidad gen\u00e9tica<\/strong>, la <strong>exposici\u00f3n a t\u00f3xicos externos<\/strong>, la <strong>presencia de factores ambientales<\/strong> e incluso haber sufrido <strong>traumatismos craneoencef\u00e1licos previos<\/strong>.<\/p>\n\n\n\n<p>Desde\u00a0<strong>Sanafarmacia\u00a0<\/strong>nos sumamos a esta efem\u00e9ride y apoyamos la necesidad de continuar los esfuerzos en investigaci\u00f3n multidisciplinar sobre el Parkinson, as\u00ed como el fomento de terapias farmacol\u00f3gicas y no farmacol\u00f3gicas que ayuden a los pacientes de esta enfermedad a mejorar su calidad de vida, ya que estas dificultades los sit\u00faan en una situaci\u00f3n de vulnerabilidad, y un mayor conocimiento ayudar\u00eda a una mayor y mejor inclusi\u00f3n social, laboral y familiar de estas personas.<\/p>\n\n\n\n<p>Foto: <a href=\"http:\/\/<a href=&quot;https:\/\/www.freepik.es\/fotos\/amor&quot;&gt;Foto de Amor creado por pressfoto - www.freepik.es<\/a&gt;\" data-type=\"URL\" data-id=\"<a href=&quot;https:\/\/www.freepik.es\/fotos\/amor&quot;&gt;Foto de Amor creado por pressfoto - www.freepik.es<\/a&gt;\">Freepik<\/a><\/p>\n","protected":false},"excerpt":{"rendered":"<p>El pr\u00f3ximo domingo, 11 de abril, celebramos el D\u00eda Mundial del Parkinson, efem\u00e9ride que, adem\u00e1s de ser una conmemoraci\u00f3n del aniversario de James Parkinson, doctor brit\u00e1nico que diagnostic\u00f3 por primera vez la enfermedad, es un d\u00eda en el calendario que busca concienciar y sensibilizar mundialmente a la sociedad sobre su impacto, adem\u00e1s de dar visibilidad [&hellip;]<\/p>\n","protected":false},"author":4,"featured_media":2301,"comment_status":"closed","ping_status":"closed","sticky":false,"template":"","format":"standard","meta":{"_et_pb_use_builder":"","_et_pb_old_content":"","_et_gb_content_width":""},"categories":[107],"tags":[],"_links":{"self":[{"href":"https:\/\/www.sanafarmacia.com\/blog\/wp-json\/wp\/v2\/posts\/2300"}],"collection":[{"href":"https:\/\/www.sanafarmacia.com\/blog\/wp-json\/wp\/v2\/posts"}],"about":[{"href":"https:\/\/www.sanafarmacia.com\/blog\/wp-json\/wp\/v2\/types\/post"}],"author":[{"embeddable":true,"href":"https:\/\/www.sanafarmacia.com\/blog\/wp-json\/wp\/v2\/users\/4"}],"replies":[{"embeddable":true,"href":"https:\/\/www.sanafarmacia.com\/blog\/wp-json\/wp\/v2\/comments?post=2300"}],"version-history":[{"count":1,"href":"https:\/\/www.sanafarmacia.com\/blog\/wp-json\/wp\/v2\/posts\/2300\/revisions"}],"predecessor-version":[{"id":2302,"href":"https:\/\/www.sanafarmacia.com\/blog\/wp-json\/wp\/v2\/posts\/2300\/revisions\/2302"}],"wp:featuredmedia":[{"embeddable":true,"href":"https:\/\/www.sanafarmacia.com\/blog\/wp-json\/wp\/v2\/media\/2301"}],"wp:attachment":[{"href":"https:\/\/www.sanafarmacia.com\/blog\/wp-json\/wp\/v2\/media?parent=2300"}],"wp:term":[{"taxonomy":"category","embeddable":true,"href":"https:\/\/www.sanafarmacia.com\/blog\/wp-json\/wp\/v2\/categories?post=2300"},{"taxonomy":"post_tag","embeddable":true,"href":"https:\/\/www.sanafarmacia.com\/blog\/wp-json\/wp\/v2\/tags?post=2300"}],"curies":[{"name":"wp","href":"https:\/\/api.w.org\/{rel}","templated":true}]}}