{"id":2292,"date":"2021-03-19T12:06:42","date_gmt":"2021-03-19T11:06:42","guid":{"rendered":"https:\/\/www.sanafarmacia.com\/blog\/?p=2292"},"modified":"2021-07-13T09:02:32","modified_gmt":"2021-07-13T07:02:32","slug":"dia-mundial-del-sueno-sueno-regulado-futuro-saludable-asegurado","status":"publish","type":"post","link":"https:\/\/www.sanafarmacia.com\/blog\/dia-mundial-del-sueno-sueno-regulado-futuro-saludable-asegurado\/","title":{"rendered":"D\u00eda Mundial del Sue\u00f1o: sue\u00f1o regulado, futuro saludable asegurado"},"content":{"rendered":"\n<p><\/p>\n\n\n\n<p>El 19 de marzo se celebra el <strong>D\u00eda Mundial del Sue\u00f1o<\/strong>, una efem\u00e9ride con la que se busca llamar la atenci\u00f3n y reflexionar sobre cuestiones importantes relacionadas con el sue\u00f1o.<\/p>\n\n\n\n<p>Seg\u00fan la Sociedad Espa\u00f1ola del Sue\u00f1o (SES), <strong>dormir bien <\/strong>es <strong>uno de los tres pilares esenciales de la buena salud, junto con una dieta equilibrada y el ejercicio regular<\/strong>. Las personas con un sue\u00f1o profundo y sin interrupciones experimentan tasas m\u00e1s bajas de hipertensi\u00f3n arterial, diabetes, obesidad y otras enfermedades cr\u00f3nicas. Sin embargo, un mal descanso tiene consecuencias negativas sobre el cuerpo y el cerebro, adem\u00e1s de propiciar el desarrollo de enfermedades, tanto a nivel f\u00edsico como psicol\u00f3gico.<\/p>\n\n\n\n<p>Los trastornos del sue\u00f1o son prevenibles y constituyen una epidemia global que amenaza la salud y la calidad de vida de las personas. Adem\u00e1s, la situaci\u00f3n actual que estamos viviendo con la Covid-19 y, por consiguiente, con el teletrabajo, ha potenciado a\u00fan m\u00e1s el uso de los smartphones, tablets y ordenadores port\u00e1tiles, tanto en el \u00e1mbito laboral como en el personal, lo que tambi\u00e9n repercute <strong>negativamente en la calidad del sue\u00f1o<\/strong>. Por tanto, controlar la sobreexposici\u00f3n a las pantallas, y muy especialmente en las horas previas a irse a dormir, resulta clave para la calidad del sue\u00f1o, ya que los destellos que desprenden las pantallas alteran la melatonina, hormona inductora del sue\u00f1o REM, que es cuando so\u00f1amos y nuestro cerebro se reorganiza.<\/p>\n\n\n\n<p>En la actualidad, la Organizaci\u00f3n Mundial de la Salud (OMS) reconoce 88 tipos diferentes de trastornos del sue\u00f1o que afectan a un 40% de la poblaci\u00f3n occidental, siendo el insomnio el m\u00e1s habitual. Por un lado, el insomnio cr\u00f3nico perjudica al 10% de las personas adultas, mientras que el transitorio, que es aquel que se mantiene durante varias semanas y luego remite, lo padecen cerca de un 30%. Entre los des\u00f3rdenes m\u00e1s frecuentes tambi\u00e9n se encuentran el s\u00edndrome de apnea del sue\u00f1o, padecido por el 7%, los terrores nocturnos y el sonambulismo, padecido por el 6%, y el s\u00edndrome de las piernas inquietas, padecido por el 10%.<\/p>\n\n\n\n<p><br>Aunque estas alteraciones se manifiesten de forma muy similar, las causas pueden llegar a ser f\u00edsicas (trastornos metab\u00f3licos, gen\u00e9ticos, cardiovasculares, respiratorios\u2026) o psicol\u00f3gicas (estr\u00e9s, depresi\u00f3n, ansiedad&#8230;).<\/p>\n\n\n\n<p>Hoy en d\u00eda, gracias a los avances cient\u00edficos y su enfoque multidisciplinar, y aunque cada patolog\u00eda tiene su causa espec\u00edfica, estos tipos de trastornos son f\u00e1cilmente diagnosticables con m\u00e9todos convencionales y, por norma general, tienen un tratamiento sencillo y eficaz. Por su parte, la psicolog\u00eda lucha contra esta problem\u00e1tica promoviendo una reconsideraci\u00f3n sobre la clase de vida que se lleva, intentando dotar al individuo de t\u00e9cnicas que le ayuden a desechar las preocupaciones, el estr\u00e9s y la hiperestimulaci\u00f3n en general.<\/p>\n\n\n\n<p>Muchas son las personas que, para paliar los s\u00edntomas de ciertas alteraciones como el insomnio, recurren a m\u00e9todos naturales que, en su gran mayor\u00eda, son reconocidos por la comunidad m\u00e9dica y farmac\u00e9utica y aceptados por las autoridades sanitarias como \u00fatiles para ayudar en la conciliaci\u00f3n y el mantenimiento del sue\u00f1o. Estos son, por ejemplo, la valeriana, la pasiflora, la tila, hierba luisa, melisa, etc. Sin embargo, los f\u00e1rmacos siempre deben ir bajo prescripci\u00f3n m\u00e9dica.<\/p>\n\n\n\n<p>Desde\u00a0<strong>Sanafarmacia\u00a0<\/strong>nos sumamos a darle visibilidad a esta problem\u00e1tica que tanto protagonismo negativo tiene en nuestra sociedad y te animamos a reflexionar sobre la importancia que un sue\u00f1o de calidad posee sobre el buen funcionamiento de nuestra salud. Recuerda que los tres elementos de buena eficacia del sue\u00f1o son la <strong>duraci\u00f3n, la continuidad y la profundidad<\/strong>, as\u00ed que trab\u00e1jalos y, si tienes problemas para alcanzarlos, pide ayuda a un profesional.<\/p>\n\n\n\n<p><\/p>\n\n\n\n<p>Foto: <a href=\"http:\/\/<a href='https:\/\/www.freepik.es\/fotos\/mujer'&gt;Foto de Mujer creado por diana.grytsku - www.freepik.es<\/a&gt;\">diana.grytsku<\/a><\/p>\n","protected":false},"excerpt":{"rendered":"<p>El 19 de marzo se celebra el D\u00eda Mundial del Sue\u00f1o, una efem\u00e9ride con la que se busca llamar la atenci\u00f3n y reflexionar sobre cuestiones importantes relacionadas con el sue\u00f1o. Seg\u00fan la Sociedad Espa\u00f1ola del Sue\u00f1o (SES), dormir bien es uno de los tres pilares esenciales de la buena salud, junto con una dieta equilibrada [&hellip;]<\/p>\n","protected":false},"author":4,"featured_media":2293,"comment_status":"closed","ping_status":"open","sticky":false,"template":"","format":"standard","meta":{"_et_pb_use_builder":"","_et_pb_old_content":"","_et_gb_content_width":""},"categories":[107],"tags":[],"_links":{"self":[{"href":"https:\/\/www.sanafarmacia.com\/blog\/wp-json\/wp\/v2\/posts\/2292"}],"collection":[{"href":"https:\/\/www.sanafarmacia.com\/blog\/wp-json\/wp\/v2\/posts"}],"about":[{"href":"https:\/\/www.sanafarmacia.com\/blog\/wp-json\/wp\/v2\/types\/post"}],"author":[{"embeddable":true,"href":"https:\/\/www.sanafarmacia.com\/blog\/wp-json\/wp\/v2\/users\/4"}],"replies":[{"embeddable":true,"href":"https:\/\/www.sanafarmacia.com\/blog\/wp-json\/wp\/v2\/comments?post=2292"}],"version-history":[{"count":1,"href":"https:\/\/www.sanafarmacia.com\/blog\/wp-json\/wp\/v2\/posts\/2292\/revisions"}],"predecessor-version":[{"id":2294,"href":"https:\/\/www.sanafarmacia.com\/blog\/wp-json\/wp\/v2\/posts\/2292\/revisions\/2294"}],"wp:featuredmedia":[{"embeddable":true,"href":"https:\/\/www.sanafarmacia.com\/blog\/wp-json\/wp\/v2\/media\/2293"}],"wp:attachment":[{"href":"https:\/\/www.sanafarmacia.com\/blog\/wp-json\/wp\/v2\/media?parent=2292"}],"wp:term":[{"taxonomy":"category","embeddable":true,"href":"https:\/\/www.sanafarmacia.com\/blog\/wp-json\/wp\/v2\/categories?post=2292"},{"taxonomy":"post_tag","embeddable":true,"href":"https:\/\/www.sanafarmacia.com\/blog\/wp-json\/wp\/v2\/tags?post=2292"}],"curies":[{"name":"wp","href":"https:\/\/api.w.org\/{rel}","templated":true}]}}