{"id":2288,"date":"2021-03-12T12:22:34","date_gmt":"2021-03-12T11:22:34","guid":{"rendered":"https:\/\/www.sanafarmacia.com\/blog\/?p=2288"},"modified":"2021-07-13T09:02:21","modified_gmt":"2021-07-13T07:02:21","slug":"dia-mundial-del-glaucoma-mira-por-tu-vista","status":"publish","type":"post","link":"https:\/\/www.sanafarmacia.com\/blog\/dia-mundial-del-glaucoma-mira-por-tu-vista\/","title":{"rendered":"D\u00eda Mundial del Glaucoma: mira por tu vista"},"content":{"rendered":"\n<p><\/p>\n\n\n\n<p><\/p>\n\n\n\n<p>Hoy, d\u00eda 12 de marzo, celebramos el <strong>D\u00eda Mundial del Glaucoma<\/strong>. Se trata de un padecimiento que engloba hasta 60 enfermedades oculares, las cuales pueden provocar la ceguera del paciente a trav\u00e9s de una degeneraci\u00f3n progresiva del nervio ocular.<\/p>\n\n\n\n<p>Seg\u00fan la\u00a0<a rel=\"noreferrer noopener\" href=\"https:\/\/www.sociedadglaucoma.com\/\" target=\"_blank\">Sociedad Espa\u00f1ola de Glaucoma<\/a>, esta enfermedad\u00a0<strong>afecta a m\u00e1s de un 3% de la poblaci\u00f3n<\/strong>\u00a0y es, junto a la diabetes, \u201cla principal causa evitable de ceguera en Espa\u00f1a\u201d, puesto que es un padecimiento en el que se pierde visi\u00f3n debido a un aumento de la tensi\u00f3n ocular, una consecuencia que se podr\u00eda evitar <strong>hasta en un 95% de los casos<\/strong> con un diagn\u00f3stico precoz, ya que <strong>la tensi\u00f3n ocular normal <\/strong>se encuentra <strong>por debajo de 21 mm Hg.<\/strong><\/p>\n\n\n\n<p>En sus inicios, el incremento de la presi\u00f3n ocular no produce ning\u00fan s\u00edntoma. Sin embargo, las manifestaciones posteriores pueden envolver una\u00a0<strong>disminuci\u00f3n del campo visual perif\u00e9rico<\/strong>, leves <strong>dolores de cabeza<\/strong> y ligeros\u00a0<strong>trastornos visuales<\/strong>, como por ejemplo percibir halos alrededor de la luz el\u00e9ctrica o contar con dificultad para adaptarse a la oscuridad. Cuando la enfermedad ya se encuentra en una fase m\u00e1s avanzada y se origina la p\u00e9rdida de visi\u00f3n, el paciente puede\u00a0<strong>presentar \u201cvisi\u00f3n en t\u00fanel\u201d<\/strong>, un tipo de enfoque en el que se produce un estrechamiento extremo del campo visual que dificulta la visi\u00f3n de objetos a ambos lados cuando se mira de frente.<\/p>\n\n\n\n<p>En los casos en los que se presenta un<strong>&nbsp;dolor exagerado en el ojo, enrojecimiento y p\u00e9rdida de visi\u00f3n s\u00fabita<\/strong>&nbsp;es indispensable&nbsp;<strong>acudir al m\u00e9dico urgentemente<\/strong>, ya que estos son los s\u00edntomas m\u00e1s habituales de un<strong>&nbsp;glaucoma agudo de \u00e1ngulo cerrado, el tipo de glaucoma m\u00e1s severo e irreversible.<\/strong><strong><\/strong><\/p>\n\n\n\n<p>La \u00fanica forma de&nbsp;<strong>prevenir esta enfermedad es ir al oftalm\u00f3logo&nbsp;y diagnosticarlo precozmente<\/strong>, ya que puede pasar&nbsp;de <strong>desapercibido durante sus primeros indicios<\/strong>. Por ello es muy recomendable realizar revisiones anuales en las que se&nbsp;<strong>mida la presi\u00f3n intraocular<\/strong>, siendo esta la manera m\u00e1s eficaz de detectarlo prematuramente y frenar as\u00ed su desarrollo. Y, principalmente, las <strong>personas mayores de 40 a\u00f1os<\/strong> son las que m\u00e1s deben vigilar esta problem\u00e1tica ya que, con los a\u00f1os y debido a diversos factores, los l\u00edquidos oculares que se segregan y eliminan manteniendo la presi\u00f3n intraocular constante, no se drenan lo suficiente,&nbsp;lo que provoca el aumento de dichos niveles.<\/p>\n\n\n\n<p>Pero no solo deben tomar estas medidas las personas con m\u00e1s de 40 a\u00f1os. Tambi\u00e9n deben revisarse anualmente, como prevenci\u00f3n y detecci\u00f3n precoz,&nbsp;<strong>aquellas personas que cuenten con antecedentes familiares de presi\u00f3n intraocular alta<\/strong>, independientemente de su edad. Adem\u00e1s, aunque resulte sorprendente, esta problem\u00e1tica&nbsp;<strong>puede afectar incluso a beb\u00e9s.<\/strong><strong><\/strong><\/p>\n\n\n\n<p>Desde\u00a0<strong>Sanafarmacia\u00a0<\/strong>nos sumamos a esta efem\u00e9ride y te animamos a mirar por tu vista, realiz\u00e1ndote ex\u00e1menes oculares de manera regular. No existen s\u00edntomas previos que te pueden indicar que sufres o no de glaucoma, y es por esto que se estableci\u00f3 este d\u00eda en el calendario, para lograr que m\u00e1s personas se den cuenta de la importancia que tiene un diagnostico a tiempo.<\/p>\n\n\n\n<p>Foto: Freepik<\/p>\n","protected":false},"excerpt":{"rendered":"<p>Hoy, d\u00eda 12 de marzo, celebramos el D\u00eda Mundial del Glaucoma. Se trata de un padecimiento que engloba hasta 60 enfermedades oculares, las cuales pueden provocar la ceguera del paciente a trav\u00e9s de una degeneraci\u00f3n progresiva del nervio ocular. Seg\u00fan la\u00a0Sociedad Espa\u00f1ola de Glaucoma, esta enfermedad\u00a0afecta a m\u00e1s de un 3% de la poblaci\u00f3n\u00a0y es, [&hellip;]<\/p>\n","protected":false},"author":4,"featured_media":2289,"comment_status":"closed","ping_status":"closed","sticky":false,"template":"","format":"standard","meta":{"_et_pb_use_builder":"","_et_pb_old_content":"","_et_gb_content_width":""},"categories":[107],"tags":[],"_links":{"self":[{"href":"https:\/\/www.sanafarmacia.com\/blog\/wp-json\/wp\/v2\/posts\/2288"}],"collection":[{"href":"https:\/\/www.sanafarmacia.com\/blog\/wp-json\/wp\/v2\/posts"}],"about":[{"href":"https:\/\/www.sanafarmacia.com\/blog\/wp-json\/wp\/v2\/types\/post"}],"author":[{"embeddable":true,"href":"https:\/\/www.sanafarmacia.com\/blog\/wp-json\/wp\/v2\/users\/4"}],"replies":[{"embeddable":true,"href":"https:\/\/www.sanafarmacia.com\/blog\/wp-json\/wp\/v2\/comments?post=2288"}],"version-history":[{"count":1,"href":"https:\/\/www.sanafarmacia.com\/blog\/wp-json\/wp\/v2\/posts\/2288\/revisions"}],"predecessor-version":[{"id":2290,"href":"https:\/\/www.sanafarmacia.com\/blog\/wp-json\/wp\/v2\/posts\/2288\/revisions\/2290"}],"wp:featuredmedia":[{"embeddable":true,"href":"https:\/\/www.sanafarmacia.com\/blog\/wp-json\/wp\/v2\/media\/2289"}],"wp:attachment":[{"href":"https:\/\/www.sanafarmacia.com\/blog\/wp-json\/wp\/v2\/media?parent=2288"}],"wp:term":[{"taxonomy":"category","embeddable":true,"href":"https:\/\/www.sanafarmacia.com\/blog\/wp-json\/wp\/v2\/categories?post=2288"},{"taxonomy":"post_tag","embeddable":true,"href":"https:\/\/www.sanafarmacia.com\/blog\/wp-json\/wp\/v2\/tags?post=2288"}],"curies":[{"name":"wp","href":"https:\/\/api.w.org\/{rel}","templated":true}]}}