{"id":1882,"date":"2020-12-03T11:37:00","date_gmt":"2020-12-03T10:37:00","guid":{"rendered":"https:\/\/www.sanafarmacia.com\/blog\/?p=1882"},"modified":"2021-07-13T09:01:42","modified_gmt":"2021-07-13T07:01:42","slug":"todos-los-dias-son-dias-de-la-discapacidad","status":"publish","type":"post","link":"https:\/\/www.sanafarmacia.com\/blog\/todos-los-dias-son-dias-de-la-discapacidad\/","title":{"rendered":"Todos los d\u00edas son D\u00edas de la Discapacidad"},"content":{"rendered":"\n<p>En 1992, la Asamblea General de las Naciones Unidas instituy\u00f3 el d\u00eda 3 de diciembre como&nbsp;<strong>D\u00eda Internacional de la Discapacidad<\/strong>. Una jornada con la que se persigue concienciar a las personas sobre las dificultades y problemas que sufren las personas con discapacidad, y sobre la necesidad de contribuir a mejorar su situaci\u00f3n en aspectos como la accesibilidad, el trato, la igualdad de oportunidades o los cuidados. El objetivo final es lograr un mundo m\u00e1s inclusivo.<\/p>\n\n\n\n<p>Se entiende por discapacidad la interacci\u00f3n entre las personas que tienen alg\u00fan problema de salud (por ejemplo, par\u00e1lisis cerebral, s\u00edndrome de Down y depresi\u00f3n) y factores personales y ambientales (por ejemplo, actitudes negativas, transporte y edificios p\u00fablicos inaccesibles y apoyo social limitado).<\/p>\n\n\n\n<p>M\u00e1s que otros colectivos, las personas con discapacidad est\u00e1n sufriendo de forma aguda las consecuencias sanitarias, sociales y econ\u00f3micas del Covid-19. En su edici\u00f3n de 2020, el D\u00eda Internacional pone el acento en la necesidad de fortalecer los esfuerzos colectivos para favorecer un acceso universal a los servicios esenciales, en \u00e1mbitos como la educaci\u00f3n, las infraestructuras, el \u00e1mbito digital o, muy especialmente, la salud.<\/p>\n\n\n\n<p>La Organizaci\u00f3n Mundial de la Salud ofrece cifras muy preocupantes sobre la situaci\u00f3n de la discapacidad en el mundo:<\/p>\n\n\n\n<p><strong>-Un 15% de la poblaci\u00f3n mundial sufre alg\u00fan tipo de discapacidad.<\/strong>&nbsp;Lo que debe erradicar la falsa percepci\u00f3n de que se trata de algo minoritario.<\/p>\n\n\n\n<p><strong>-El n\u00famero de personas con discapacidad ha aumentado dr\u00e1sticamente en el mundo.<\/strong>&nbsp;En muchos casos, debido, seg\u00fan la OMS, al aumento de la prevalencia de enfermedades cr\u00f3nicas.<\/p>\n\n\n\n<p><strong>-Casi todo el mundo experimenta en alg\u00fan momento de su vida<\/strong>, ya sea temporal o permanentemente,&nbsp;<strong>alguna forma de discapacidad.<\/strong>&nbsp;Es m\u00e1s f\u00e1cil, pues, ponerse en el \u201cpellejo\u201d de las personas discapacitadas.<br>-Es una evidencia que las personas con discapacidad tienen&nbsp;<strong>menos acceso a los servicios de asistencia sanitaria<\/strong>, lo que conlleva que sus necesidades asistenciales queden desatendidas.<\/p>\n\n\n\n<p>-Se constata finalmente una&nbsp;<strong>necesidad urgente de ampliar los servicios destinados a las personas con discapacidad en la atenci\u00f3n primaria de salud<\/strong>, especialmente las intervenciones de rehabilitaci\u00f3n.<\/p>\n\n\n\n<p>Todo ello lleva a la OMS a asegurar que la discapacidad es un&nbsp;<strong>problema de salud p\u00fablica<\/strong>, que afecta en el mundo a m\u00e1s de 1000 millones de personas. Hasta 190 millones de las personas de 15 o m\u00e1s a\u00f1os tienen dificultades considerables para funcionar y requieren con frecuencia servicios de asistencia sanitaria.<\/p>\n\n\n\n<p>En cualquier caso, la discapacidad no implica incapacidad. Por eso hay que proporcionarles siempre un trato similar al que tienen derecho el resto de personas, sin compasi\u00f3n, ni paternalismos, sino con naturalidad y respeto a su dignidad.<\/p>\n\n\n\n<p>Desde Sanafarmacia nos sumamos a esta celebraci\u00f3n uni\u00e9ndonos a las reivindicaciones de la OMS, y difundiendo su lema: que este d\u00eda internacional, como los 365 d\u00edas del a\u00f1o, sean&nbsp;<strong>\u201cUn d\u00eda para todos<\/strong>\u201d.<\/p>\n","protected":false},"excerpt":{"rendered":"<p>En 1992, la Asamblea General de las Naciones Unidas instituy\u00f3 el d\u00eda 3 de diciembre como&nbsp;D\u00eda Internacional de la Discapacidad. Una jornada con la que se persigue concienciar a las personas sobre las dificultades y problemas que sufren las personas con discapacidad, y sobre la necesidad de contribuir a mejorar su situaci\u00f3n en aspectos como [&hellip;]<\/p>\n","protected":false},"author":3,"featured_media":1883,"comment_status":"open","ping_status":"closed","sticky":false,"template":"","format":"standard","meta":{"_et_pb_use_builder":"","_et_pb_old_content":"","_et_gb_content_width":""},"categories":[107],"tags":[97,98,99],"_links":{"self":[{"href":"https:\/\/www.sanafarmacia.com\/blog\/wp-json\/wp\/v2\/posts\/1882"}],"collection":[{"href":"https:\/\/www.sanafarmacia.com\/blog\/wp-json\/wp\/v2\/posts"}],"about":[{"href":"https:\/\/www.sanafarmacia.com\/blog\/wp-json\/wp\/v2\/types\/post"}],"author":[{"embeddable":true,"href":"https:\/\/www.sanafarmacia.com\/blog\/wp-json\/wp\/v2\/users\/3"}],"replies":[{"embeddable":true,"href":"https:\/\/www.sanafarmacia.com\/blog\/wp-json\/wp\/v2\/comments?post=1882"}],"version-history":[{"count":1,"href":"https:\/\/www.sanafarmacia.com\/blog\/wp-json\/wp\/v2\/posts\/1882\/revisions"}],"predecessor-version":[{"id":1884,"href":"https:\/\/www.sanafarmacia.com\/blog\/wp-json\/wp\/v2\/posts\/1882\/revisions\/1884"}],"wp:featuredmedia":[{"embeddable":true,"href":"https:\/\/www.sanafarmacia.com\/blog\/wp-json\/wp\/v2\/media\/1883"}],"wp:attachment":[{"href":"https:\/\/www.sanafarmacia.com\/blog\/wp-json\/wp\/v2\/media?parent=1882"}],"wp:term":[{"taxonomy":"category","embeddable":true,"href":"https:\/\/www.sanafarmacia.com\/blog\/wp-json\/wp\/v2\/categories?post=1882"},{"taxonomy":"post_tag","embeddable":true,"href":"https:\/\/www.sanafarmacia.com\/blog\/wp-json\/wp\/v2\/tags?post=1882"}],"curies":[{"name":"wp","href":"https:\/\/api.w.org\/{rel}","templated":true}]}}