{"id":1021,"date":"2017-12-19T07:06:00","date_gmt":"2017-12-19T06:06:00","guid":{"rendered":"https:\/\/www.sanafarmacia.com\/blog\/?p=1021"},"modified":"2021-07-13T08:49:46","modified_gmt":"2021-07-13T06:49:46","slug":"el-cepillo-de-dientes","status":"publish","type":"post","link":"https:\/\/www.sanafarmacia.com\/blog\/el-cepillo-de-dientes\/","title":{"rendered":"El cepillo de dientes"},"content":{"rendered":"\n<h2>Or\u00edgenes<\/h2>\n\n\n\n<p>Investigaciones diversas convergen en la idea de que no es hasta el siglo XV, 1498, cuando surge el cepillo de dientes de una forma similar al actual. El origen del mismo como el de otros tantos artilugios est\u00e1 en CHINA. Tan \u201cimperial\u201d invento estaba formado por un mango de hueso al que se le hab\u00edan adherido cerdas. Los mercaderes y las rutas comerciales hicieron llegar el utensilio a Europa pero la extrema dureza de las cerdas provocaron el rechazo por parte de la poblaci\u00f3n de occidente. No es hasta el siglo XVII cuando se generaliza su uso en estos territorios, eso s\u00ed, con otro tipo de pelos m\u00e1s blandos como el de caballo. Otro h\u00e1ndicap importante que evit\u00f3 que su popularidad fuese mayor era el precio que ten\u00eda, reserv\u00e1ndose su uso para la realeza y la alta sociedad.<\/p>\n\n\n\n<p>El cepillo con cerdas artificiales como hoy lo conocemos no llegar\u00eda hasta bien entrado el siglo XX. Concretamente en 1938, con el desarrollo del nailon, se consigui\u00f3 sustituir las cerdas de origen animal por estas otras sint\u00e9ticas; al mismo tiempo se consigui\u00f3 reducir sobremanera la transmisi\u00f3n de bacterias que encontraban alojo en las cerdas animales.<\/p>\n\n\n\n<figure class=\"wp-block-image size-large\"><img decoding=\"async\" loading=\"lazy\" width=\"1024\" height=\"574\" src=\"https:\/\/www.sanafarmacia.com\/blog\/wp-content\/uploads\/2020\/09\/toothbrush-1024x574.jpg\" alt=\"cepillo-de-dientes\" class=\"wp-image-1024\" srcset=\"https:\/\/www.sanafarmacia.com\/blog\/wp-content\/uploads\/2020\/09\/toothbrush-1024x574.jpg 1024w, https:\/\/www.sanafarmacia.com\/blog\/wp-content\/uploads\/2020\/09\/toothbrush-980x550.jpg 980w, https:\/\/www.sanafarmacia.com\/blog\/wp-content\/uploads\/2020\/09\/toothbrush-480x269.jpg 480w\" sizes=\"(min-width: 0px) and (max-width: 480px) 480px, (min-width: 481px) and (max-width: 980px) 980px, (min-width: 981px) 1024px, 100vw\" \/><\/figure>\n\n\n\n<h2>Caracter\u00edsticas del cepillo<\/h2>\n\n\n\n<p>Es muy importante poner m\u00e1xima atenci\u00f3n a la elecci\u00f3n y el cuidado del cepillo de dientes. La t\u00e9cnica de cepillado es tambi\u00e9n una parte muy importante de la correcta limpieza de la boca.<\/p>\n\n\n\n<p>1. La primera recomendaci\u00f3n a la hora de elegir un cepillo de dientes adecuado se refiere al material. Las p\u00faas del mismo deben ser de nylon y de puntas redondeadas, con el fin de no da\u00f1ar el esmalte durante la limpieza.<\/p>\n\n\n\n<p>Por esta misma raz\u00f3n y mientras el odont\u00f3logo no indique lo contrario, se aconseja elegir un cepillo de dureza media o suave, atendiendo a las diferentes niveles de dureza disponibles en el mercado. Los cepillos fuertes, llamados duros, pueden da\u00f1ar las enc\u00edas y hacerlas sangrar.<\/p>\n\n\n\n<p>2. La segunda elecci\u00f3n se refiere al tipo de cepillo de dientes: \u00bfmanual o el\u00e9ctrico? Ambos pueden ser igual de eficaces aunque estudios recientes han demostrado que los el\u00e9ctricos pueden ser un poco m\u00e1s eficaces y efectivos a la hora de eliminar la placa.<\/p>\n\n\n\n<h2>Cuidado del cepillo de dientes<\/h2>\n\n\n\n<p>El mantenimiento del cepillo de dientes tambi\u00e9n es importante. Para evitar que se acumulen en \u00e9l las bacterias, la limpieza y la conservaci\u00f3n cuando no se usa deben seguir las siguientes pautas:<\/p>\n\n\n\n<p><strong>\u2022 Limpieza:<\/strong>&nbsp;debe lavarse muy bien con agua despu\u00e9s de cada uso y dejar que se seque al aire libre. Tambi\u00e9n existe una tendencia que aconseja empapar el cepillo con enjuague bucal antibacteriano tras su uso, se ha demostrado que disminuye la variedad y la cantidad de las bacterias que pueden llegar a crecer en los cepillos.<\/p>\n\n\n\n<p>El uso del agua potable para la limpieza del cepillo posteriormente a su uso es crucial para evitar la proliferaci\u00f3n de g\u00e9rmenes. Hay que afanarse en el retirado tanto de restos de pasta de dientes como de posibles alimentos que puedan quedar entre las cerdas, ya que pueden llegar a constituir verdaderos focos infecciosos en futuros usos del cepillo.<\/p>\n\n\n\n<p><strong>\u2022 No compartirlos:<\/strong>&nbsp;utilizar el cepillo de dientes de otra persona supone un riesgo de contraer cualquier tipo de infecci\u00f3n. Esto que parece una obviedad es reconocido por una buena cantidad de parejas, lo que significa que se comparten las bacterias en los cepillos, incluyendo aquellas que causan caries y enfermedades periodontales.<\/p>\n\n\n\n<p><strong>\u2022 Cambio de cepillo:<\/strong>&nbsp;cada tres meses, como norma general, hay que cambiar de cepillo (manual) o de cabezal (el\u00e9ctrico). Tambi\u00e9n debe cambiarse cuando las cerdas aparecen dobladas; si las cerdas del cepillo est\u00e1n abiertas, es hora de cambiarlo.<\/p>\n\n\n\n<p><strong>\u2022 Almacenamiento:<\/strong>&nbsp;del lugar en que se guarda y c\u00f3mo se guarda depende que haya m\u00e1s o menos microorganismos en las cerdas que despu\u00e9s entrar\u00e1n a la boca y pasar\u00e1n por los dientes, enc\u00edas y lengua. Si se almacenan en el mismo lugar m\u00e1s de un cepillo, mantenerlos separados puede ayudar a prevenir la contaminaci\u00f3n cruzada; hay g\u00e9rmenes que pueden pasar de unos cepillos a otros, simplemente por contacto.<\/p>\n\n\n\n<p>La Asociaci\u00f3n Estadounidense Dental recomienda que el cepillo no se guarde en un contenedor cerrado o que se cubra ya que favorece el desarrollo de g\u00e9rmenes gracias a la humedad acumulada. Los especialistas sugieren guardar los cepillos en forma vertical y -a ser posible- dejarlos secar hasta el siguiente uso.<\/p>\n\n\n\n<p><strong>\u2022 Del inodoro al cepillo:<\/strong>&nbsp;las bacterias ent\u00e9ricas, habitantes habituales de nuestros intestinos, pueden pasar a los cepillos y terminar en la boca: esto sucede cuando la persona, despu\u00e9s de ir al ba\u00f1o no se lava las manos o simplemente no se las lava bien antes de manipular el cepillo.<\/p>\n","protected":false},"excerpt":{"rendered":"<p>Or\u00edgenes Investigaciones diversas convergen en la idea de que no es hasta el siglo XV, 1498, cuando surge el cepillo de dientes de una forma similar al actual. El origen del mismo como el de otros tantos artilugios est\u00e1 en CHINA. Tan \u201cimperial\u201d invento estaba formado por un mango de hueso al que se le [&hellip;]<\/p>\n","protected":false},"author":3,"featured_media":1024,"comment_status":"open","ping_status":"closed","sticky":false,"template":"","format":"standard","meta":{"_et_pb_use_builder":"off","_et_pb_old_content":"","_et_gb_content_width":""},"categories":[105],"tags":[11],"_links":{"self":[{"href":"https:\/\/www.sanafarmacia.com\/blog\/wp-json\/wp\/v2\/posts\/1021"}],"collection":[{"href":"https:\/\/www.sanafarmacia.com\/blog\/wp-json\/wp\/v2\/posts"}],"about":[{"href":"https:\/\/www.sanafarmacia.com\/blog\/wp-json\/wp\/v2\/types\/post"}],"author":[{"embeddable":true,"href":"https:\/\/www.sanafarmacia.com\/blog\/wp-json\/wp\/v2\/users\/3"}],"replies":[{"embeddable":true,"href":"https:\/\/www.sanafarmacia.com\/blog\/wp-json\/wp\/v2\/comments?post=1021"}],"version-history":[{"count":1,"href":"https:\/\/www.sanafarmacia.com\/blog\/wp-json\/wp\/v2\/posts\/1021\/revisions"}],"predecessor-version":[{"id":1025,"href":"https:\/\/www.sanafarmacia.com\/blog\/wp-json\/wp\/v2\/posts\/1021\/revisions\/1025"}],"wp:featuredmedia":[{"embeddable":true,"href":"https:\/\/www.sanafarmacia.com\/blog\/wp-json\/wp\/v2\/media\/1024"}],"wp:attachment":[{"href":"https:\/\/www.sanafarmacia.com\/blog\/wp-json\/wp\/v2\/media?parent=1021"}],"wp:term":[{"taxonomy":"category","embeddable":true,"href":"https:\/\/www.sanafarmacia.com\/blog\/wp-json\/wp\/v2\/categories?post=1021"},{"taxonomy":"post_tag","embeddable":true,"href":"https:\/\/www.sanafarmacia.com\/blog\/wp-json\/wp\/v2\/tags?post=1021"}],"curies":[{"name":"wp","href":"https:\/\/api.w.org\/{rel}","templated":true}]}}